{"id":11078,"date":"2020-12-01T14:11:41","date_gmt":"2020-12-01T14:11:41","guid":{"rendered":"https:\/\/oparanews.com.br\/?p=11078"},"modified":"2020-12-01T14:11:41","modified_gmt":"2020-12-01T14:11:41","slug":"hamilton-testa-positivo-para-covid-19-e-esta-fora-do-gp-de-sakhir","status":"publish","type":"post","link":"https:\/\/www.oparanews.com.br\/index.php\/2020\/12\/01\/hamilton-testa-positivo-para-covid-19-e-esta-fora-do-gp-de-sakhir\/","title":{"rendered":"Hamilton testa positivo para Covid-19 e est\u00e1 fora do GP de Sakhir"},"content":{"rendered":"<p>Lewis Hamilton est\u00e1 fora do GP de Sakhir. Em comunicado divulgado na manh\u00e3 desta ter\u00e7a-feira, a Mercedes informou que o heptacampe\u00e3o mundial de F\u00f3rmula 1 testou positivo para Covid-19 e, j\u00e1 cumprindo protocolo de isolamento, n\u00e3o participar\u00e1 da prova do pr\u00f3ximo fim de semana. O piloto est\u00e1 bem e apenas segue as determina\u00e7\u00f5es de praxe. Sua participa\u00e7\u00e3o no \u00faltimo GP da temporada, dia 13 em Abu Dhabi, no entanto, ainda depender\u00e1 de testes posteriores.<\/p>\n<p>Antes de vencer o GP do Barein, Hamilton fora submetido a tr\u00eas testes, todos com resultados negativos. Por\u00e9m, na manh\u00e3 de segunda o brit\u00e2nico apresentou sintomas leves. Informado de que uma pessoa com a qual se contatou havia testado positivo, foi submetido a novo teste, que desta vez confirmou a suspeita. Assim, ser\u00e1 a primeira vez que Hamilton ficar\u00e1 fora de uma corrida desde que estreou na F\u00f3rmula 1. Ele disputou 265 provas seguidas desde o GP da Austr\u00e1lia de 2007.<\/p>\n<p>A Mercedes informou que o piloto reserva, Stoffel Vandoorne, viajar\u00e1 para o Barein j\u00e1 nesta na ter\u00e7a-feira, conforme o que havia sido planejado anteriormente. A escuderia alem\u00e3, por\u00e9m, ainda n\u00e3o confirmou se o piloto belga de 28 anos ser\u00e1 mesmo o substituto de Hamilton, ressaltando que far\u00e1 um comunicado em breve. Nico Hulkenberg e George Russell tamb\u00e9m s\u00e3o cotados para a vaga.<\/p>\n<p>Com o caso de Lewis Hamilton, agora s\u00e3o tr\u00eas os pilotos que testaram positivo para coronav\u00edrus na atual temporada da F\u00f3rmula 1. O primeiro foi o mexicano Sergio Perez (Silverstone) e posteriormente o canadense Lance Stroll (Alemanha), ambos da Racing Point.<\/p>\n<p>&nbsp;<\/p>\n<p><strong>Fonte: GE<\/strong><\/p>\n<p>&nbsp;<\/p>\n","protected":false},"excerpt":{"rendered":"<p>Lewis Hamilton est\u00e1 fora do GP de Sakhir. Em comunicado divulgado na manh\u00e3 desta ter\u00e7a-feira, a Mercedes informou que o heptacampe\u00e3o mundial de F\u00f3rmula 1 testou positivo para Covid-19 e, j\u00e1 cumprindo protocolo de isolamento, n\u00e3o participar\u00e1 da prova do pr\u00f3ximo fim de semana. O piloto est\u00e1 bem e apenas segue as determina\u00e7\u00f5es de praxe. &hellip;<\/p>\n","protected":false},"author":1,"featured_media":11079,"comment_status":"open","ping_status":"open","sticky":false,"template":"","format":"standard","meta":{"_jetpack_newsletter_access":"","_jetpack_dont_email_post_to_subs":false,"_jetpack_newsletter_tier_id":0,"_jetpack_memberships_contains_paywalled_content":false,"_jetpack_memberships_contains_paid_content":false,"footnotes":""},"categories":[1],"tags":[],"class_list":["post-11078","post","type-post","status-publish","format-standard","has-post-thumbnail","hentry","category-destaque"],"jetpack_sharing_enabled":true,"jetpack_featured_media_url":"","_links":{"self":[{"href":"https:\/\/www.oparanews.com.br\/index.php\/wp-json\/wp\/v2\/posts\/11078","targetHints":{"allow":["GET"]}}],"collection":[{"href":"https:\/\/www.oparanews.com.br\/index.php\/wp-json\/wp\/v2\/posts"}],"about":[{"href":"https:\/\/www.oparanews.com.br\/index.php\/wp-json\/wp\/v2\/types\/post"}],"author":[{"embeddable":true,"href":"https:\/\/www.oparanews.com.br\/index.php\/wp-json\/wp\/v2\/users\/1"}],"replies":[{"embeddable":true,"href":"https:\/\/www.oparanews.com.br\/index.php\/wp-json\/wp\/v2\/comments?post=11078"}],"version-history":[{"count":0,"href":"https:\/\/www.oparanews.com.br\/index.php\/wp-json\/wp\/v2\/posts\/11078\/revisions"}],"wp:attachment":[{"href":"https:\/\/www.oparanews.com.br\/index.php\/wp-json\/wp\/v2\/media?parent=11078"}],"wp:term":[{"taxonomy":"category","embeddable":true,"href":"https:\/\/www.oparanews.com.br\/index.php\/wp-json\/wp\/v2\/categories?post=11078"},{"taxonomy":"post_tag","embeddable":true,"href":"https:\/\/www.oparanews.com.br\/index.php\/wp-json\/wp\/v2\/tags?post=11078"}],"curies":[{"name":"wp","href":"https:\/\/api.w.org\/{rel}","templated":true}]}}