{"id":11081,"date":"2020-12-01T14:20:13","date_gmt":"2020-12-01T14:20:13","guid":{"rendered":"https:\/\/oparanews.com.br\/?p=11081"},"modified":"2020-12-01T14:20:13","modified_gmt":"2020-12-01T14:20:13","slug":"helicoptero-do-ibama-cai-no-pantanal-piloto-morre","status":"publish","type":"post","link":"https:\/\/www.oparanews.com.br\/index.php\/2020\/12\/01\/helicoptero-do-ibama-cai-no-pantanal-piloto-morre\/","title":{"rendered":"Helic\u00f3ptero do Ibama cai no Pantanal; piloto morre"},"content":{"rendered":"<p>Um helic\u00f3ptero do Ibama caiu na noite desta segunda-feira, 30, quando sobrevoava a regi\u00e3o do Parque Nacional do Pantanal, em Pocon\u00e9, no Mato Grosso. O piloto da aeronave, que era funcion\u00e1rio da empresa contratada para prestar as servi\u00e7os de helic\u00f3pteros ao Ibama, morreu no acidente. Havia mais tr\u00eas tripulantes na aeronave, que sobreviveram.<\/p>\n<p>A aeronave apoiava o trabalho de combate a inc\u00eandio na regi\u00e3o. As informa\u00e7\u00f5es foram confirmadas pelo Ibama, que ainda n\u00e3o deu mais detalhes sobre o ocorrido, nem a identidade do piloto.<\/p>\n<p>O Ibama n\u00e3o possui helic\u00f3pteros pr\u00f3prios. Trata-se de equipamentos alugados de terceiros. Neste \u00faltimo trimestre do ano, o \u00f3rg\u00e3o vinha atrasando uma s\u00e9rie de pagamentos \u00e0 empresa prestadora do servi\u00e7o. Em outubro, as contas em aberto com helic\u00f3pteros chegavam a R$ 5 milh\u00f5es.<\/p>\n<p>Em agosto, o Ibama decidiu reduzir o n\u00famero de helic\u00f3pteros que aluga para vigiar o desmatamento e as queimadas no Pantanal e Amaz\u00f4nia. Por determina\u00e7\u00e3o do Minist\u00e9rio do Meio Ambiente para diminuir gastos, o \u00f3rg\u00e3o passou a contar com quatro aeronaves para auxiliar na vigil\u00e2ncia de uma \u00e1rea de 5 milh\u00f5es de quil\u00f4metros quadrados. At\u00e9 ent\u00e3o, havia seis aeronaves. Servidores que atuam no setor afirmaram \u00e0 reportagem que os equipamentos operam no limite, dadas as limita\u00e7\u00f5es das m\u00e1quinas.<\/p>\n<p>O respons\u00e1vel pelo setor alertou que as redu\u00e7\u00f5es trariam consequ\u00eancias graves para o trabalho de fiscaliza\u00e7\u00e3o foi exonerado uma semana depois de encaminhar uma s\u00e9rie de of\u00edcios nesse sentido. Os seis helic\u00f3pteros s\u00e3o utilizados para fiscalizar todo o Pa\u00eds. Em \u00e9poca de seca, quando os inc\u00eandios proliferam na regi\u00e3o Norte, as horas de voo dos equipamentos aumentam significativamente.<\/p>\n<p>Sob o argumento de que \u00e9 preciso reduzir os gastos, o ministro do Meio Ambiente, Ricardo Salles, determinou ao Ibama que fizesse mais cortes, limitando o aluguel a somente quatro aeronaves, porque o or\u00e7amento dos helic\u00f3pteros n\u00e3o pode ultrapassar o custo anual de R$ 60 milh\u00f5es.<\/p>\n<p>Com o n\u00famero atual de seis helic\u00f3pteros, cada um j\u00e1 tinha a miss\u00e3o de fiscalizar cerca de 833 mil km\u00b2, mais de tr\u00eas vezes o Estado de S\u00e3o Paulo. Com quatro aeronaves, esse volume sobe para 1,250 milh\u00e3o de km\u00b2. \u00c9 como se um \u00fanico helic\u00f3ptero fosse usado para sobrevoar todo o Estado do Par\u00e1.<\/p>\n<p>O contrato atual, de seis aeronaves, vence em fevereiro do ano que vem.<\/p>\n<p>Julio Cesar Basile, comandante da For\u00e7a A\u00e9rea aposentado pela Pol\u00edcia Federal, disse \u00e0 reportagem que a redu\u00e7\u00e3o no n\u00famero de aeronaves \u00e0 disposi\u00e7\u00e3o para fiscalizar a Amaz\u00f4nia \u00e9 &#8220;uma irresponsabilidade absurda e injustific\u00e1vel&#8221;.<\/p>\n<p>&#8220;Falar de quatro helic\u00f3pteros para o Ibama fazer esse trabalho \u00e9 uma vergonha, uma brincadeira. \u00c9 como dizerem pra voc\u00ea derrubar o P\u00e3o de A\u00e7\u00facar com uma colher de sopa nas m\u00e3os, tendo 30 dias para isso. Vamos passar ainda mais vergonha l\u00e1 fora, \u00e9 um absurdo&#8221;, disse Basile. &#8220;Fico em d\u00favida at\u00e9 que ponto isso \u00e9 desconhecimento ou \u00e9 proposital mesmo, porque tem gente ali que sabe o que est\u00e1 fazendo. Se n\u00e3o \u00e9 desconhecimento, \u00e9 sabotagem&#8221;, afirmou Basile, criador do grupo t\u00e1tico a\u00e9reo no Maranh\u00e3o e respons\u00e1vel pela cria\u00e7\u00e3o da divis\u00e3o de helic\u00f3pteros do pr\u00f3prio Ibama, no ano 2000.<\/p>\n<p>A morte do piloto amplia a trag\u00e9dia humana causada pelos inc\u00eandios criminosos que tomaram a regi\u00e3o do Pantanal neste ano, em volume recorde desde o in\u00edcio da s\u00e9rie hist\u00f3rica, iniciada em 1009.<\/p>\n<p>Em 9 de setembro, Luciano da Silva Beijo, 36 anos, zootecnista de uma fazenda no Mato Grosso, morreu ap\u00f3s ser v\u00edtima de inc\u00eandio que tomava as terras da fazenda onde trabalhava, na cidade de C\u00e1ceres. Ele tentava apagar o fogo, mas trope\u00e7ou durante a a\u00e7\u00e3o e foi tomado pelo fogo.<\/p>\n<p>No dia 1 de setembro, o analista ambiental do Instituto Chico Mendes de Conserva\u00e7\u00e3o da Biodiversidade (ICMBio), Welington Fernando Peres Silva, morreu em Goi\u00e1s, v\u00edtima de queimaduras sofridas durante uma opera\u00e7\u00e3o realizada no Parque Nacional das Emas.<\/p>\n<p>&nbsp;<\/p>\n<p><strong>Fonte: Terra<\/strong><\/p>\n<p>&nbsp;<\/p>\n","protected":false},"excerpt":{"rendered":"<p>Um helic\u00f3ptero do Ibama caiu na noite desta segunda-feira, 30, quando sobrevoava a regi\u00e3o do Parque Nacional do Pantanal, em Pocon\u00e9, no Mato Grosso. O piloto da aeronave, que era funcion\u00e1rio da empresa contratada para prestar as servi\u00e7os de helic\u00f3pteros ao Ibama, morreu no acidente. Havia mais tr\u00eas tripulantes na aeronave, que sobreviveram. A aeronave &hellip;<\/p>\n","protected":false},"author":1,"featured_media":11082,"comment_status":"open","ping_status":"open","sticky":false,"template":"","format":"standard","meta":{"_jetpack_newsletter_access":"","_jetpack_dont_email_post_to_subs":false,"_jetpack_newsletter_tier_id":0,"_jetpack_memberships_contains_paywalled_content":false,"_jetpack_memberships_contains_paid_content":false,"footnotes":""},"categories":[1],"tags":[],"class_list":["post-11081","post","type-post","status-publish","format-standard","has-post-thumbnail","hentry","category-destaque"],"jetpack_sharing_enabled":true,"jetpack_featured_media_url":"","_links":{"self":[{"href":"https:\/\/www.oparanews.com.br\/index.php\/wp-json\/wp\/v2\/posts\/11081","targetHints":{"allow":["GET"]}}],"collection":[{"href":"https:\/\/www.oparanews.com.br\/index.php\/wp-json\/wp\/v2\/posts"}],"about":[{"href":"https:\/\/www.oparanews.com.br\/index.php\/wp-json\/wp\/v2\/types\/post"}],"author":[{"embeddable":true,"href":"https:\/\/www.oparanews.com.br\/index.php\/wp-json\/wp\/v2\/users\/1"}],"replies":[{"embeddable":true,"href":"https:\/\/www.oparanews.com.br\/index.php\/wp-json\/wp\/v2\/comments?post=11081"}],"version-history":[{"count":0,"href":"https:\/\/www.oparanews.com.br\/index.php\/wp-json\/wp\/v2\/posts\/11081\/revisions"}],"wp:attachment":[{"href":"https:\/\/www.oparanews.com.br\/index.php\/wp-json\/wp\/v2\/media?parent=11081"}],"wp:term":[{"taxonomy":"category","embeddable":true,"href":"https:\/\/www.oparanews.com.br\/index.php\/wp-json\/wp\/v2\/categories?post=11081"},{"taxonomy":"post_tag","embeddable":true,"href":"https:\/\/www.oparanews.com.br\/index.php\/wp-json\/wp\/v2\/tags?post=11081"}],"curies":[{"name":"wp","href":"https:\/\/api.w.org\/{rel}","templated":true}]}}