{"id":11084,"date":"2020-12-01T14:23:38","date_gmt":"2020-12-01T14:23:38","guid":{"rendered":"https:\/\/oparanews.com.br\/?p=11084"},"modified":"2020-12-01T14:23:38","modified_gmt":"2020-12-01T14:23:38","slug":"pericles-e-a-esposa-testam-positivo-para-a-covid-19","status":"publish","type":"post","link":"https:\/\/www.oparanews.com.br\/index.php\/2020\/12\/01\/pericles-e-a-esposa-testam-positivo-para-a-covid-19\/","title":{"rendered":"P\u00e9ricles e a esposa testam positivo para a Covid-19"},"content":{"rendered":"<p>P\u00e9ricles, de 51 anos de idade, comunicou os f\u00e3s, na noite de segunda-feira (30), que testou positivo para a Covid-19, doen\u00e7a causada pelo novo coronav\u00edrus. A esposa, Lidiane Faria, tamb\u00e9m foi diagnosticada com a doen\u00e7a.<\/p>\n<p>\u201cAl\u00f4 minha gente, aqui \u00e9 o P\u00e9ricles e eu t\u00f4 passando rapidinho aqui para dizer a voc\u00eas, pelo respeito que n\u00f3s temos, que eu testei positivo pra Covid-19. E mesmo depois de se cuidar bastante a gente acabou sendo pego por ela\u201d, contou ele.<\/p>\n<p>P\u00e9ricles garantiu que est\u00e1 isolado e n\u00e3o est\u00e1 sentindo nenhum sintoma da doen\u00e7a. \u201cEu n\u00e3o tenho sintomas nenhum, tudo bem, estamos bem, mas vamos cumprir o isolamento at\u00e9 para preservar nossa fam\u00edlia tamb\u00e9m n\u00e9. Nossa filha est\u00e1 na minha sogra e com a madrinha, est\u00e1 tudo bem, est\u00e3o todos bem tamb\u00e9m\u201d, disse ele. O casal s\u00e3o pais de Maria Helena, de 10 meses de idade.<\/p>\n<p>P\u00e9ricles disse que membros de sua equipe e familiares tamb\u00e9m foram testados. \u201cFizemos exames em todos, na equipe, na fam\u00edlia, alguns da nossa equipe foram acometidos, tamb\u00e9m, mas a gente vai passar por essa\u201d, ressaltou o sambista.<\/p>\n<p>&nbsp;<\/p>\n<p><strong>Fonte: Famosidade<\/strong><\/p>\n<p>&nbsp;<\/p>\n","protected":false},"excerpt":{"rendered":"<p>P\u00e9ricles, de 51 anos de idade, comunicou os f\u00e3s, na noite de segunda-feira (30), que testou positivo para a Covid-19, doen\u00e7a causada pelo novo coronav\u00edrus. A esposa, Lidiane Faria, tamb\u00e9m foi diagnosticada com a doen\u00e7a. \u201cAl\u00f4 minha gente, aqui \u00e9 o P\u00e9ricles e eu t\u00f4 passando rapidinho aqui para dizer a voc\u00eas, pelo respeito que &hellip;<\/p>\n","protected":false},"author":1,"featured_media":11085,"comment_status":"open","ping_status":"open","sticky":false,"template":"","format":"standard","meta":{"_jetpack_newsletter_access":"","_jetpack_dont_email_post_to_subs":false,"_jetpack_newsletter_tier_id":0,"_jetpack_memberships_contains_paywalled_content":false,"_jetpack_memberships_contains_paid_content":false,"footnotes":""},"categories":[1],"tags":[],"class_list":["post-11084","post","type-post","status-publish","format-standard","has-post-thumbnail","hentry","category-destaque"],"jetpack_sharing_enabled":true,"jetpack_featured_media_url":"","_links":{"self":[{"href":"https:\/\/www.oparanews.com.br\/index.php\/wp-json\/wp\/v2\/posts\/11084","targetHints":{"allow":["GET"]}}],"collection":[{"href":"https:\/\/www.oparanews.com.br\/index.php\/wp-json\/wp\/v2\/posts"}],"about":[{"href":"https:\/\/www.oparanews.com.br\/index.php\/wp-json\/wp\/v2\/types\/post"}],"author":[{"embeddable":true,"href":"https:\/\/www.oparanews.com.br\/index.php\/wp-json\/wp\/v2\/users\/1"}],"replies":[{"embeddable":true,"href":"https:\/\/www.oparanews.com.br\/index.php\/wp-json\/wp\/v2\/comments?post=11084"}],"version-history":[{"count":0,"href":"https:\/\/www.oparanews.com.br\/index.php\/wp-json\/wp\/v2\/posts\/11084\/revisions"}],"wp:attachment":[{"href":"https:\/\/www.oparanews.com.br\/index.php\/wp-json\/wp\/v2\/media?parent=11084"}],"wp:term":[{"taxonomy":"category","embeddable":true,"href":"https:\/\/www.oparanews.com.br\/index.php\/wp-json\/wp\/v2\/categories?post=11084"},{"taxonomy":"post_tag","embeddable":true,"href":"https:\/\/www.oparanews.com.br\/index.php\/wp-json\/wp\/v2\/tags?post=11084"}],"curies":[{"name":"wp","href":"https:\/\/api.w.org\/{rel}","templated":true}]}}