{"id":11090,"date":"2020-12-01T14:26:06","date_gmt":"2020-12-01T14:26:06","guid":{"rendered":"https:\/\/oparanews.com.br\/?p=11090"},"modified":"2020-12-01T14:26:06","modified_gmt":"2020-12-01T14:26:06","slug":"pesquisadores-da-ufrj-e-pedem-fechamento-de-praias-no-rio","status":"publish","type":"post","link":"https:\/\/www.oparanews.com.br\/index.php\/2020\/12\/01\/pesquisadores-da-ufrj-e-pedem-fechamento-de-praias-no-rio\/","title":{"rendered":"Pesquisadores da UFRJ e pedem fechamento de praias no Rio"},"content":{"rendered":"<p>RIO &#8211; O grupo dedicado a combater a pandemia de coronav\u00edrus da Universidade Federal do Rio de Janeiro (UFRJ) emitiu nota t\u00e9cnica nessa segunda-feira, 30, alertando para o aumento acelerado de casos de covid-19 no Brasil, em especial na cidade do Rio. Os especialistas pedem que sejam tomadas uma s\u00e9rie de medidas, que incluem novo fechamento das praias e suspens\u00e3o de eventos esportivos, sociais e culturais.<\/p>\n<p>De acordo com o Grupo de Trabalho Multidisciplinar para o Enfrentamento da Covid-19 da UFRJ, a explos\u00e3o de casos de covid-19 acontece sem que a primeira onda de cont\u00e1gio no Pa\u00eds tenha terminado, o que, segundo os especialistas &#8220;torna o problema ainda mais grave e complexo&#8221;.<\/p>\n<p>&#8220;Estamos diante de um quadro muito preocupante no munic\u00edpio do Rio&#8221;, afirma trecho da nota emitida pelo equipe da UFRJ. &#8220;O aumento dos casos j\u00e1 est\u00e1 provocando grande estresse no sistema de assist\u00eancia \u00e0 sa\u00fade (&#8230;) A m\u00e9dia m\u00f3vel de sete dias do percentual de ocupa\u00e7\u00e3o de leitos do Sistema \u00danico de Sa\u00fade (UTI adulto) dedicados \u00e0 covid-19 (UTI\/Srag &#8211; S\u00edndrome Respirat\u00f3ria Aguda Grave) na Regi\u00e3o Metropolitana I est\u00e1 em 93,5%. J\u00e1 a m\u00e9dia m\u00f3vel de sete dias do percentual de ocupa\u00e7\u00e3o de leitos de suporte \u00e0 vida da Rede SUS no munic\u00edpio est\u00e1 em 102,1%. Ou seja, n\u00e3o h\u00e1 vagas para interna\u00e7\u00e3o.&#8221;<\/p>\n<p>A nota prossegue informando que, nessas condi\u00e7\u00f5es, &#8220;o risco de ocorrerem \u00f3bitos sem que o paciente seja internado \u00e9 elevad\u00edssimo&#8221;, e acrescenta que &#8220;estamos evoluindo em curto per\u00edodo para o colapso da rede de assist\u00eancia aos pacientes, especialmente os mais graves&#8221;.<\/p>\n<p>Na avalia\u00e7\u00e3o dos especialistas, o novo aumento de casos de transmiss\u00e3o do v\u00edrus acontece ap\u00f3s uma s\u00e9rie de falhas nas medidas de preven\u00e7\u00e3o. &#8220;Muitos, especialmente os mais jovens, t\u00eam se aglomerado em festas, bares, praias e outros eventos sociais. O processo eleitoral, fundamental \u00e0 democracia, tamb\u00e9m gerou aglomera\u00e7\u00f5es&#8221;, diz o texto.<\/p>\n<p>O transporte p\u00fablico inadequado tamb\u00e9m est\u00e1 contribuindo para a transmiss\u00e3o do v\u00edrus. &#8220;E as declara\u00e7\u00f5es p\u00fablicas de autoridades governamentais afirmando que n\u00e3o retroceder\u00e3o nas medidas de flexibiliza\u00e7\u00e3o ampliam a gravidade da situa\u00e7\u00e3o. Destaca-se que tais medidas n\u00e3o foram acompanhadas de a\u00e7\u00f5es visando oferecer transporte p\u00fablico adequado a fim de evitar a sobrecarga, o que torna esse meio de mobilidade um prov\u00e1vel foco de dissemina\u00e7\u00e3o do v\u00edrus.&#8221;<\/p>\n<p>&nbsp;<\/p>\n<p><strong>Fonte: Terra<\/strong><\/p>\n<p>&nbsp;<\/p>\n","protected":false},"excerpt":{"rendered":"<p>RIO &#8211; O grupo dedicado a combater a pandemia de coronav\u00edrus da Universidade Federal do Rio de Janeiro (UFRJ) emitiu nota t\u00e9cnica nessa segunda-feira, 30, alertando para o aumento acelerado de casos de covid-19 no Brasil, em especial na cidade do Rio. Os especialistas pedem que sejam tomadas uma s\u00e9rie de medidas, que incluem novo &hellip;<\/p>\n","protected":false},"author":1,"featured_media":11091,"comment_status":"open","ping_status":"open","sticky":false,"template":"","format":"standard","meta":{"_jetpack_newsletter_access":"","_jetpack_dont_email_post_to_subs":false,"_jetpack_newsletter_tier_id":0,"_jetpack_memberships_contains_paywalled_content":false,"_jetpack_memberships_contains_paid_content":false,"footnotes":""},"categories":[1],"tags":[],"class_list":["post-11090","post","type-post","status-publish","format-standard","has-post-thumbnail","hentry","category-destaque"],"jetpack_sharing_enabled":true,"jetpack_featured_media_url":"","_links":{"self":[{"href":"https:\/\/www.oparanews.com.br\/index.php\/wp-json\/wp\/v2\/posts\/11090","targetHints":{"allow":["GET"]}}],"collection":[{"href":"https:\/\/www.oparanews.com.br\/index.php\/wp-json\/wp\/v2\/posts"}],"about":[{"href":"https:\/\/www.oparanews.com.br\/index.php\/wp-json\/wp\/v2\/types\/post"}],"author":[{"embeddable":true,"href":"https:\/\/www.oparanews.com.br\/index.php\/wp-json\/wp\/v2\/users\/1"}],"replies":[{"embeddable":true,"href":"https:\/\/www.oparanews.com.br\/index.php\/wp-json\/wp\/v2\/comments?post=11090"}],"version-history":[{"count":0,"href":"https:\/\/www.oparanews.com.br\/index.php\/wp-json\/wp\/v2\/posts\/11090\/revisions"}],"wp:attachment":[{"href":"https:\/\/www.oparanews.com.br\/index.php\/wp-json\/wp\/v2\/media?parent=11090"}],"wp:term":[{"taxonomy":"category","embeddable":true,"href":"https:\/\/www.oparanews.com.br\/index.php\/wp-json\/wp\/v2\/categories?post=11090"},{"taxonomy":"post_tag","embeddable":true,"href":"https:\/\/www.oparanews.com.br\/index.php\/wp-json\/wp\/v2\/tags?post=11090"}],"curies":[{"name":"wp","href":"https:\/\/api.w.org\/{rel}","templated":true}]}}