{"id":11093,"date":"2020-12-01T14:28:25","date_gmt":"2020-12-01T14:28:25","guid":{"rendered":"https:\/\/oparanews.com.br\/?p=11093"},"modified":"2020-12-01T14:28:25","modified_gmt":"2020-12-01T14:28:25","slug":"mauricio-galiotte-testa-positivo-para-covid-19","status":"publish","type":"post","link":"https:\/\/www.oparanews.com.br\/index.php\/2020\/12\/01\/mauricio-galiotte-testa-positivo-para-covid-19\/","title":{"rendered":"Mauricio Galiotte testa positivo para covid-19"},"content":{"rendered":"<p>A assessoria do Palmeiras informou que o presidente do clube, Mauricio Galiotte, testou positivo para a covid-19 nesta ter\u00e7a-feira, em exame realizado um dia antes.<\/p>\n<p>Em comunicado oficial, o Verd\u00e3o afirmou que o mandat\u00e1rio est\u00e1 isolado em casa e sob acompanhamento m\u00e9dico.<\/p>\n<p>Em campo, o Palmeiras tem compromisso nesta quarta-feira contra o Delf\u00edn, pela volta das oitavas de final da Copa Libertadores. No primeiro jogo, os brasileiros venceram por 3 a 1.<\/p>\n<p>&nbsp;<\/p>\n<p><strong>Fonte: Terra<\/strong><\/p>\n<p>&nbsp;<\/p>\n","protected":false},"excerpt":{"rendered":"<p>A assessoria do Palmeiras informou que o presidente do clube, Mauricio Galiotte, testou positivo para a covid-19 nesta ter\u00e7a-feira, em exame realizado um dia antes. Em comunicado oficial, o Verd\u00e3o afirmou que o mandat\u00e1rio est\u00e1 isolado em casa e sob acompanhamento m\u00e9dico. Em campo, o Palmeiras tem compromisso nesta quarta-feira contra o Delf\u00edn, pela volta &hellip;<\/p>\n","protected":false},"author":1,"featured_media":11094,"comment_status":"open","ping_status":"open","sticky":false,"template":"","format":"standard","meta":{"_jetpack_newsletter_access":"","_jetpack_dont_email_post_to_subs":false,"_jetpack_newsletter_tier_id":0,"_jetpack_memberships_contains_paywalled_content":false,"_jetpack_memberships_contains_paid_content":false,"footnotes":""},"categories":[1],"tags":[],"class_list":["post-11093","post","type-post","status-publish","format-standard","has-post-thumbnail","hentry","category-destaque"],"jetpack_sharing_enabled":true,"jetpack_featured_media_url":"","_links":{"self":[{"href":"https:\/\/www.oparanews.com.br\/index.php\/wp-json\/wp\/v2\/posts\/11093","targetHints":{"allow":["GET"]}}],"collection":[{"href":"https:\/\/www.oparanews.com.br\/index.php\/wp-json\/wp\/v2\/posts"}],"about":[{"href":"https:\/\/www.oparanews.com.br\/index.php\/wp-json\/wp\/v2\/types\/post"}],"author":[{"embeddable":true,"href":"https:\/\/www.oparanews.com.br\/index.php\/wp-json\/wp\/v2\/users\/1"}],"replies":[{"embeddable":true,"href":"https:\/\/www.oparanews.com.br\/index.php\/wp-json\/wp\/v2\/comments?post=11093"}],"version-history":[{"count":0,"href":"https:\/\/www.oparanews.com.br\/index.php\/wp-json\/wp\/v2\/posts\/11093\/revisions"}],"wp:attachment":[{"href":"https:\/\/www.oparanews.com.br\/index.php\/wp-json\/wp\/v2\/media?parent=11093"}],"wp:term":[{"taxonomy":"category","embeddable":true,"href":"https:\/\/www.oparanews.com.br\/index.php\/wp-json\/wp\/v2\/categories?post=11093"},{"taxonomy":"post_tag","embeddable":true,"href":"https:\/\/www.oparanews.com.br\/index.php\/wp-json\/wp\/v2\/tags?post=11093"}],"curies":[{"name":"wp","href":"https:\/\/api.w.org\/{rel}","templated":true}]}}