{"id":11102,"date":"2020-12-02T12:21:00","date_gmt":"2020-12-02T12:21:00","guid":{"rendered":"https:\/\/oparanews.com.br\/?p=11102"},"modified":"2020-12-02T12:21:00","modified_gmt":"2020-12-02T12:21:00","slug":"mec-determina-volta-as-aulas-presenciais-a-partir-de-janeiro","status":"publish","type":"post","link":"https:\/\/www.oparanews.com.br\/index.php\/2020\/12\/02\/mec-determina-volta-as-aulas-presenciais-a-partir-de-janeiro\/","title":{"rendered":"MEC determina volta \u00e0s aulas presenciais a partir de janeiro"},"content":{"rendered":"<p>O Di\u00e1rio Oficial da Uni\u00e3o publica, nesta quarta-feira (2), portaria do Minist\u00e9rio da Educa\u00e7\u00e3o (MEC), determinando que institui\u00e7\u00f5es federais de ensino superior voltem \u00e0s aulas presenciais, a partir de 4 de janeiro de 2021. Para isso, as institui\u00e7\u00f5es devem adotar um &#8220;protocolo de biosseguran\u00e7a&#8221;, definido na Portaria MEC n\u00ba 572, de 1\u00ba de julho de 2020, contra a propaga\u00e7\u00e3o do novo coronav\u00edrus (covid-19).<\/p>\n<p>O documento estabelece ainda a ado\u00e7\u00e3o de recursos educacionais digitais, tecnologias de informa\u00e7\u00e3o e comunica\u00e7\u00e3o ou outros meios convencionais, que dever\u00e3o ser &#8220;utilizados de forma complementar, em car\u00e1ter excepcional, para integraliza\u00e7\u00e3o da carga hor\u00e1ria das atividades pedag\u00f3gicas&#8221;.<\/p>\n<p>O texto da portaria diz, tamb\u00e9m, que as &#8220;pr\u00e1ticas profissionais de est\u00e1gios ou as que exijam laborat\u00f3rios especializados, a aplica\u00e7\u00e3o da excepcionalidade&#8221;, devem obedecer as Diretrizes Nacionais Curriculares aprovadas pelo Conselho Nacional de Educa\u00e7\u00e3o (CNE), &#8220;ficando vedada a aplica\u00e7\u00e3o da excepcionalidade aos cursos que n\u00e3o estejam disciplinados pelo CNE&#8221;.<\/p>\n<p>O documento estabelece, que, especificamente, para o curso de medicina, &#8220;fica autorizada a excepcionalidade apenas \u00e0s disciplinas te\u00f3rico-cognitivas do primeiro ao quarto ano do curso, conforme disciplinado pelo CNE&#8221;.<\/p>\n<p>&nbsp;<\/p>\n<p><strong>Fonte: Ag\u00eancia Brasil<\/strong><\/p>\n<p>&nbsp;<\/p>\n","protected":false},"excerpt":{"rendered":"<p>O Di\u00e1rio Oficial da Uni\u00e3o publica, nesta quarta-feira (2), portaria do Minist\u00e9rio da Educa\u00e7\u00e3o (MEC), determinando que institui\u00e7\u00f5es federais de ensino superior voltem \u00e0s aulas presenciais, a partir de 4 de janeiro de 2021. Para isso, as institui\u00e7\u00f5es devem adotar um &#8220;protocolo de biosseguran\u00e7a&#8221;, definido na Portaria MEC n\u00ba 572, de 1\u00ba de julho de &hellip;<\/p>\n","protected":false},"author":1,"featured_media":11103,"comment_status":"open","ping_status":"open","sticky":false,"template":"","format":"standard","meta":{"_jetpack_newsletter_access":"","_jetpack_dont_email_post_to_subs":false,"_jetpack_newsletter_tier_id":0,"_jetpack_memberships_contains_paywalled_content":false,"_jetpack_memberships_contains_paid_content":false,"footnotes":""},"categories":[1],"tags":[],"class_list":["post-11102","post","type-post","status-publish","format-standard","has-post-thumbnail","hentry","category-destaque"],"jetpack_sharing_enabled":true,"jetpack_featured_media_url":"","_links":{"self":[{"href":"https:\/\/www.oparanews.com.br\/index.php\/wp-json\/wp\/v2\/posts\/11102","targetHints":{"allow":["GET"]}}],"collection":[{"href":"https:\/\/www.oparanews.com.br\/index.php\/wp-json\/wp\/v2\/posts"}],"about":[{"href":"https:\/\/www.oparanews.com.br\/index.php\/wp-json\/wp\/v2\/types\/post"}],"author":[{"embeddable":true,"href":"https:\/\/www.oparanews.com.br\/index.php\/wp-json\/wp\/v2\/users\/1"}],"replies":[{"embeddable":true,"href":"https:\/\/www.oparanews.com.br\/index.php\/wp-json\/wp\/v2\/comments?post=11102"}],"version-history":[{"count":0,"href":"https:\/\/www.oparanews.com.br\/index.php\/wp-json\/wp\/v2\/posts\/11102\/revisions"}],"wp:attachment":[{"href":"https:\/\/www.oparanews.com.br\/index.php\/wp-json\/wp\/v2\/media?parent=11102"}],"wp:term":[{"taxonomy":"category","embeddable":true,"href":"https:\/\/www.oparanews.com.br\/index.php\/wp-json\/wp\/v2\/categories?post=11102"},{"taxonomy":"post_tag","embeddable":true,"href":"https:\/\/www.oparanews.com.br\/index.php\/wp-json\/wp\/v2\/tags?post=11102"}],"curies":[{"name":"wp","href":"https:\/\/api.w.org\/{rel}","templated":true}]}}