{"id":11111,"date":"2020-12-02T12:32:18","date_gmt":"2020-12-02T12:32:18","guid":{"rendered":"https:\/\/oparanews.com.br\/?p=11111"},"modified":"2020-12-02T12:32:18","modified_gmt":"2020-12-02T12:32:18","slug":"estado-fara-ciclo-de-concursos-com-cerca-de-5-mil-vagas-em-2021","status":"publish","type":"post","link":"https:\/\/www.oparanews.com.br\/index.php\/2020\/12\/02\/estado-fara-ciclo-de-concursos-com-cerca-de-5-mil-vagas-em-2021\/","title":{"rendered":"Estado far\u00e1 ciclo de concursos com cerca de 5 mil vagas em 2021"},"content":{"rendered":"<p>Ap\u00f3s se reunir com secret\u00e1rios de Estado na manh\u00e3 desta ter\u00e7a-feira (01), o governador Renan Filho confirmou o lan\u00e7amento, para o primeiro semestre de 2021, de editais voltados \u00e0 realiza\u00e7\u00e3o de concursos p\u00fablicos para as \u00e1reas da seguran\u00e7a p\u00fablica, sa\u00fade e educa\u00e7\u00e3o em Alagoas. Segundo o chefe do Executivo estadual, ser\u00e3o abertas cerca de 5 mil novas vagas.<\/p>\n<p>\u201cO Estado deseja promover concurso para as \u00e1reas sociais: seguran\u00e7a p\u00fablica, sa\u00fade, educa\u00e7\u00e3o e tamb\u00e9m para a estrutura\u00e7\u00e3o da \u00e1rea meio, em algumas carreiras, especialmente aquelas tipicamente de Estado; aquelas que, independentemente das mudan\u00e7as tecnol\u00f3gicas que possam surgir adiante, continuar\u00e3o sendo feitas por servidores exclusivamente contratados por concurso p\u00fablico\u201d, afirmou o governador.<\/p>\n<p>De acordo com Renan Filho, a elabora\u00e7\u00e3o de alguns editais est\u00e1 mais avan\u00e7ada. S\u00e3o os casos da Pol\u00edcia Militar (PM) e do Corpo de Bombeiros (CB) para a contrata\u00e7\u00e3o de soldados e oficiais pelas duas corpora\u00e7\u00f5es. Ainda no tocante \u00e0 Seguran\u00e7a P\u00fablica, est\u00e1 previsto o lan\u00e7amento do edital destinado ao concurso p\u00fablico da Per\u00edcia Oficial.<\/p>\n<p>O governador revelou, tamb\u00e9m, que se encontra em fase final de estrutura\u00e7\u00e3o o concurso p\u00fablico voltado \u00e0 \u00e1rea da sa\u00fade, um dos maiores anunciados. \u201cSer\u00e1 um concurso amplo para v\u00e1rias carreiras da sa\u00fade p\u00fablica: m\u00e9dicos, enfermeiros, auxiliares de enfermagem, nutricionistas, assistentes sociais, psic\u00f3logos, terapeutas ocupacionais e outras carreiras\u201d, disse.<\/p>\n<p>\u201cNa sa\u00fade, j\u00e1 constru\u00edmos cinco novos hospitais. Nos pr\u00f3ximos dias, vamos iniciar a constru\u00e7\u00e3o do Hospital da Crian\u00e7a, de maneira que a gente precisar\u00e1 da contrata\u00e7\u00e3o de novos profissionais. Ainda em dezembro, vamos come\u00e7ar a constru\u00e7\u00e3o de duas novas UPAS (Unidades de Pronto Atendimento) em Macei\u00f3. S\u00e3o obras que precisar\u00e3o de novos profissionais\u201d, observou.<\/p>\n<p>O concurso p\u00fablico para a educa\u00e7\u00e3o oferecer\u00e1 vagas para professores. O Estado estuda, ainda, destinar um quantitativo delas para a \u00e1rea administrativa das escolas.<\/p>\n<p>A reuni\u00e3o que discutiu a realiza\u00e7\u00e3o de concursos p\u00fablicos em Alagoas ocorreu no Sal\u00e3o de Despachos do Pal\u00e1cio Rep\u00fablica dos Palmares. Participaram do encontro o secret\u00e1rio do Gabinete Civil, F\u00e1bio Farias; da Fazenda, George Santoro; do Planejamento, Gest\u00e3o e Patrim\u00f4nio, Fabr\u00edcio Marques; al\u00e9m da secret\u00e1ria especial do Tesouro Estadual, Renata Santos; do presidente da Alagoas Previd\u00eancia, Roberto Mois\u00e9s; do secret\u00e1rio especial de Patrim\u00f4nio, S\u00e9rgio de Figueiredo; e do procurador-geral do Estado, Francisco Malaquias.<\/p>\n<p>\u201cVamos fazer um amplo ciclo de concursos no ano que vem, justamente por conta da pandemia que aconteceu em 2020 e que nos impediu de realiz\u00e1-los. Isso ser\u00e1 um marco significativo para o Estado e n\u00f3s esperamos que, no total, tenhamos mais de cinco mil vagas para todas essas carreiras\u201d, finalizou Renan Filho.<\/p>\n<p>&nbsp;<\/p>\n<p><strong>Fonte: Ag\u00eancia Alagoas<\/strong><\/p>\n<p>&nbsp;<\/p>\n","protected":false},"excerpt":{"rendered":"<p>Ap\u00f3s se reunir com secret\u00e1rios de Estado na manh\u00e3 desta ter\u00e7a-feira (01), o governador Renan Filho confirmou o lan\u00e7amento, para o primeiro semestre de 2021, de editais voltados \u00e0 realiza\u00e7\u00e3o de concursos p\u00fablicos para as \u00e1reas da seguran\u00e7a p\u00fablica, sa\u00fade e educa\u00e7\u00e3o em Alagoas. Segundo o chefe do Executivo estadual, ser\u00e3o abertas cerca de 5 &hellip;<\/p>\n","protected":false},"author":1,"featured_media":11112,"comment_status":"open","ping_status":"open","sticky":false,"template":"","format":"standard","meta":{"_jetpack_newsletter_access":"","_jetpack_dont_email_post_to_subs":false,"_jetpack_newsletter_tier_id":0,"_jetpack_memberships_contains_paywalled_content":false,"_jetpack_memberships_contains_paid_content":false,"footnotes":""},"categories":[1],"tags":[],"class_list":["post-11111","post","type-post","status-publish","format-standard","has-post-thumbnail","hentry","category-destaque"],"jetpack_sharing_enabled":true,"jetpack_featured_media_url":"","_links":{"self":[{"href":"https:\/\/www.oparanews.com.br\/index.php\/wp-json\/wp\/v2\/posts\/11111","targetHints":{"allow":["GET"]}}],"collection":[{"href":"https:\/\/www.oparanews.com.br\/index.php\/wp-json\/wp\/v2\/posts"}],"about":[{"href":"https:\/\/www.oparanews.com.br\/index.php\/wp-json\/wp\/v2\/types\/post"}],"author":[{"embeddable":true,"href":"https:\/\/www.oparanews.com.br\/index.php\/wp-json\/wp\/v2\/users\/1"}],"replies":[{"embeddable":true,"href":"https:\/\/www.oparanews.com.br\/index.php\/wp-json\/wp\/v2\/comments?post=11111"}],"version-history":[{"count":0,"href":"https:\/\/www.oparanews.com.br\/index.php\/wp-json\/wp\/v2\/posts\/11111\/revisions"}],"wp:attachment":[{"href":"https:\/\/www.oparanews.com.br\/index.php\/wp-json\/wp\/v2\/media?parent=11111"}],"wp:term":[{"taxonomy":"category","embeddable":true,"href":"https:\/\/www.oparanews.com.br\/index.php\/wp-json\/wp\/v2\/categories?post=11111"},{"taxonomy":"post_tag","embeddable":true,"href":"https:\/\/www.oparanews.com.br\/index.php\/wp-json\/wp\/v2\/tags?post=11111"}],"curies":[{"name":"wp","href":"https:\/\/api.w.org\/{rel}","templated":true}]}}