{"id":11121,"date":"2020-12-03T12:18:50","date_gmt":"2020-12-03T12:18:50","guid":{"rendered":"https:\/\/oparanews.com.br\/?p=11121"},"modified":"2020-12-03T12:18:50","modified_gmt":"2020-12-03T12:18:50","slug":"escola-da-rede-estadual-e-destaque-em-olimpiada-nacional-de-matematica","status":"publish","type":"post","link":"https:\/\/www.oparanews.com.br\/index.php\/2020\/12\/03\/escola-da-rede-estadual-e-destaque-em-olimpiada-nacional-de-matematica\/","title":{"rendered":"Escola da rede estadual \u00e9 destaque em olimp\u00edada nacional de matem\u00e1tica"},"content":{"rendered":"<p>A Escola Estadual Fernandes Lima, de Macei\u00f3, teve atua\u00e7\u00e3o destacada na edi\u00e7\u00e3o 2020 da Olimp\u00edada Canguru de Matem\u00e1tica, uma das mais importantes do Brasil. Ao todo, foram 11 estudantes premiados, sendo dez com Men\u00e7\u00e3o Honrosa e uma medalha de bronze. Para comemorar a conquista, a unidade de ensino promoveu a premia\u00e7\u00e3o dos seus estudantes.<\/p>\n<p>Em virtude das limita\u00e7\u00f5es impostas pela pandemia do coronav\u00edrus, a olimp\u00edada, pela primeira vez, aconteceu em vers\u00e3o virtual e contou com a participa\u00e7\u00e3o de 300 mil estudantes de todo o Brasil. Pela Escola Fernandes Lima foram premiados os estudantes Esmeralda Duran Mendez, com medalha de bronze; Raquel Mendon\u00e7a Lins, Isaak Matheus Barreto, Lara Melissa da Silva, Pedro Lucas Laurindo, Mayara Lins dos Santos, Alisson Moura dos Santos, Maria Vit\u00f3ria e Gabriel dos Santos \u2013 todos conquistando certificado de Honra ao M\u00e9rito.<\/p>\n<p>Driblando obst\u00e1culos &#8211; Inspirados pelo professor Geraldo Ferreira, o grupo driblou os obst\u00e1culos ocasionados pelo distanciamento social e intensificou o ritmo dos estudos. O esfor\u00e7o valeu a pena e a escola obteve o seu melhor resultado na competi\u00e7\u00e3o \u2013 at\u00e9 ent\u00e3o, o desempenho mais destacado havia sido a premia\u00e7\u00e3o de cinco estudantes.<\/p>\n<p>\u201cO treinamento foi intenso e a dedica\u00e7\u00e3o dos alunos e a sua vontade de aprender foram essenciais para esta conquista. Estamos muito orgulhosos e, agora, aguardamos tamb\u00e9m o resultado do desempenho de nossos estudantes na Olimp\u00edada Brasileira de Astronomia e na segunda fase da Olimp\u00edada Nacional de Ci\u00eancias. O trabalho de olimp\u00edada \u00e9 cont\u00ednuo e j\u00e1 temos competi\u00e7\u00f5es programadas em janeiro e mar\u00e7o de 2021. Ou seja, nem terminamos o ano e j\u00e1 estamos nos preparando para pr\u00f3ximo ano\u201d, comemora o professor Geraldo Ferreira.<\/p>\n<p>Esmeralda Duran foi medalhista da competi\u00e7\u00e3o e se disse surpresa com a fa\u00e7anha. \u201cFoi uma honra ter ganho a medalha de bronze, confesso que fiquei surpresa. \u00c9 uma experi\u00eancia gratificante e agrade\u00e7o a Deus, minha fam\u00edlia e meus professores por essa conquista\u201d, afirma a garota.<\/p>\n<p>Avan\u00e7os na aprendizagem &#8211; A titular da 1\u00aa Ger\u00eancia Regional de Educa\u00e7\u00e3o (Gere), Lidiana Costa e a diretora da Escola Estadual Fernandes Lima, Michele Lins, destacam que a conquista traz frutos positivos para toda a comunidade escolar.<\/p>\n<p>\u201cPor meio desse projeto, brilhantemente conduzido pelo professor Geraldo, estudantes do 6\u00ba ano do ensino fundamental \u00e0 3\u00aa s\u00e9rie do ensino m\u00e9dio s\u00e3o mobilizados a participarem de olimp\u00edadas de conhecimento. E esses grupos incentivam os estudantes a quererem estudar mais e buscar novos conhecimentos\u201d, elogia Lidiana.<\/p>\n<p>Para Michele, o bom desempenho dos alunos em olimp\u00edadas de conhecimento \u2013 ano passado tamb\u00e9m conquistou bronze na Olimp\u00edada Brasileira de Matem\u00e1ticas das Escolas P\u00fablicas (OBMEP) \u2013 repercute tamb\u00e9m na melhoria dos \u00edndices educacionais da institui\u00e7\u00e3o, que registrou crescimento nas duas edi\u00e7\u00f5es do \u00cdndice de Desenvolvimento da Educa\u00e7\u00e3o B\u00e1sica (IDEB).<\/p>\n<p>\u201cEstas premia\u00e7\u00f5es nos trazem a certeza de que estamos no caminho certo, pois essas conquistas refletem nos resultados do IDEB da escola que, a cada ano s\u00f3 aumenta, al\u00e9m de destacar os nossos alunos ao longo da sua vida escolar. Colher esses frutos em um ano t\u00e3o dif\u00edcil como 2020 \u00e9 muito gratificante\u201d, afirma Michelle.<\/p>\n<p>&nbsp;<\/p>\n<p><strong>Fonte: Ag\u00eancia Alagoas<\/strong><\/p>\n<p>&nbsp;<\/p>\n","protected":false},"excerpt":{"rendered":"<p>A Escola Estadual Fernandes Lima, de Macei\u00f3, teve atua\u00e7\u00e3o destacada na edi\u00e7\u00e3o 2020 da Olimp\u00edada Canguru de Matem\u00e1tica, uma das mais importantes do Brasil. Ao todo, foram 11 estudantes premiados, sendo dez com Men\u00e7\u00e3o Honrosa e uma medalha de bronze. Para comemorar a conquista, a unidade de ensino promoveu a premia\u00e7\u00e3o dos seus estudantes. Em &hellip;<\/p>\n","protected":false},"author":1,"featured_media":11122,"comment_status":"open","ping_status":"open","sticky":false,"template":"","format":"standard","meta":{"_jetpack_newsletter_access":"","_jetpack_dont_email_post_to_subs":false,"_jetpack_newsletter_tier_id":0,"_jetpack_memberships_contains_paywalled_content":false,"_jetpack_memberships_contains_paid_content":false,"footnotes":""},"categories":[1],"tags":[],"class_list":["post-11121","post","type-post","status-publish","format-standard","has-post-thumbnail","hentry","category-destaque"],"jetpack_sharing_enabled":true,"jetpack_featured_media_url":"","_links":{"self":[{"href":"https:\/\/www.oparanews.com.br\/index.php\/wp-json\/wp\/v2\/posts\/11121","targetHints":{"allow":["GET"]}}],"collection":[{"href":"https:\/\/www.oparanews.com.br\/index.php\/wp-json\/wp\/v2\/posts"}],"about":[{"href":"https:\/\/www.oparanews.com.br\/index.php\/wp-json\/wp\/v2\/types\/post"}],"author":[{"embeddable":true,"href":"https:\/\/www.oparanews.com.br\/index.php\/wp-json\/wp\/v2\/users\/1"}],"replies":[{"embeddable":true,"href":"https:\/\/www.oparanews.com.br\/index.php\/wp-json\/wp\/v2\/comments?post=11121"}],"version-history":[{"count":0,"href":"https:\/\/www.oparanews.com.br\/index.php\/wp-json\/wp\/v2\/posts\/11121\/revisions"}],"wp:attachment":[{"href":"https:\/\/www.oparanews.com.br\/index.php\/wp-json\/wp\/v2\/media?parent=11121"}],"wp:term":[{"taxonomy":"category","embeddable":true,"href":"https:\/\/www.oparanews.com.br\/index.php\/wp-json\/wp\/v2\/categories?post=11121"},{"taxonomy":"post_tag","embeddable":true,"href":"https:\/\/www.oparanews.com.br\/index.php\/wp-json\/wp\/v2\/tags?post=11121"}],"curies":[{"name":"wp","href":"https:\/\/api.w.org\/{rel}","templated":true}]}}