{"id":11124,"date":"2020-12-03T12:23:15","date_gmt":"2020-12-03T12:23:15","guid":{"rendered":"https:\/\/oparanews.com.br\/?p=11124"},"modified":"2020-12-03T12:23:15","modified_gmt":"2020-12-03T12:23:15","slug":"prefeitura-cancela-queima-de-fogos-na-orla-de-maceio-durante-o-reveillon","status":"publish","type":"post","link":"https:\/\/www.oparanews.com.br\/index.php\/2020\/12\/03\/prefeitura-cancela-queima-de-fogos-na-orla-de-maceio-durante-o-reveillon\/","title":{"rendered":"Prefeitura cancela queima de fogos na orla de Macei\u00f3 durante o r\u00e9veillon"},"content":{"rendered":"<p>A Prefeitura de Macei\u00f3 informou, nesta quarta-feira (2), que est\u00e1 cancelada a tradicional queima de fogos na orla de Macei\u00f3 e tamb\u00e9m no Benedito Bentes durante as comemora\u00e7\u00f5es de r\u00e9veillon. A decis\u00e3o tem como base o Plano de Distanciamento Social Controlado do Governo do Estado e a recomenda\u00e7\u00e3o do Minist\u00e9rio P\u00fablico Estadual (MP-AL).<\/p>\n<p>A medida foi adotada como forma de prevenir novos cont\u00e1gios do coronav\u00edrus. Macei\u00f3 segue na Fase Azul que s\u00f3 permite a realiza\u00e7\u00e3o de eventos com participa\u00e7\u00e3o de at\u00e9 300 pessoas e com orienta\u00e7\u00f5es do protocolo sanit\u00e1rio.<\/p>\n<p>A decis\u00e3o de suspender os festejos \u00e9 resultado de uma reuni\u00e3o entre representantes da Prefeitura de Macei\u00f3 com MP-AL, Governo do Estado e iniciativa privada.<\/p>\n<p>\u201cAp\u00f3s a discuss\u00e3o sobre a viabilidade do tradicional show pirot\u00e9cnico na orla de Macei\u00f3, o Minist\u00e9rio P\u00fablico entendeu que n\u00e3o h\u00e1 requisitos legais poss\u00edveis para a realiza\u00e7\u00e3o da queima de fogos, porque o decreto estadual que estabelece a Fase Azul na atual situa\u00e7\u00e3o de pandemia pro\u00edbe a realiza\u00e7\u00e3o de eventos com p\u00fablico acima de 300 pessoas. Sendo um evento chamativo e que atrai todos os anos milhares de pessoas, ent\u00e3o n\u00e3o haver\u00e1 queima de fogos de fim de ano\u201d, informou o secret\u00e1rio municipal de Turismo, Esporte e Lazer, Jair Galv\u00e3o.<\/p>\n<p><strong>Festas privadas ser\u00e3o avaliadas<\/strong><\/p>\n<p>Os respons\u00e1veis por eventos privados devem fazer uma solicita\u00e7\u00e3o formal \u00e0 Secretaria Municipal de Seguran\u00e7a Comunit\u00e1ria e Conv\u00edvio Social (Semscs) para anu\u00eancia do evento. Eles devem atestar ci\u00eancia do decreto e apresentar documentos em atendimento aos protocolos vigentes exigidos para sua realiza\u00e7\u00e3o.<\/p>\n<p>&nbsp;<\/p>\n<p><strong>Fonte: G1\/AL<\/strong><\/p>\n<p>&nbsp;<\/p>\n","protected":false},"excerpt":{"rendered":"<p>A Prefeitura de Macei\u00f3 informou, nesta quarta-feira (2), que est\u00e1 cancelada a tradicional queima de fogos na orla de Macei\u00f3 e tamb\u00e9m no Benedito Bentes durante as comemora\u00e7\u00f5es de r\u00e9veillon. A decis\u00e3o tem como base o Plano de Distanciamento Social Controlado do Governo do Estado e a recomenda\u00e7\u00e3o do Minist\u00e9rio P\u00fablico Estadual (MP-AL). A medida &hellip;<\/p>\n","protected":false},"author":1,"featured_media":11125,"comment_status":"open","ping_status":"open","sticky":false,"template":"","format":"standard","meta":{"_jetpack_newsletter_access":"","_jetpack_dont_email_post_to_subs":false,"_jetpack_newsletter_tier_id":0,"_jetpack_memberships_contains_paywalled_content":false,"_jetpack_memberships_contains_paid_content":false,"footnotes":""},"categories":[1],"tags":[],"class_list":["post-11124","post","type-post","status-publish","format-standard","has-post-thumbnail","hentry","category-destaque"],"jetpack_sharing_enabled":true,"jetpack_featured_media_url":"","_links":{"self":[{"href":"https:\/\/www.oparanews.com.br\/index.php\/wp-json\/wp\/v2\/posts\/11124","targetHints":{"allow":["GET"]}}],"collection":[{"href":"https:\/\/www.oparanews.com.br\/index.php\/wp-json\/wp\/v2\/posts"}],"about":[{"href":"https:\/\/www.oparanews.com.br\/index.php\/wp-json\/wp\/v2\/types\/post"}],"author":[{"embeddable":true,"href":"https:\/\/www.oparanews.com.br\/index.php\/wp-json\/wp\/v2\/users\/1"}],"replies":[{"embeddable":true,"href":"https:\/\/www.oparanews.com.br\/index.php\/wp-json\/wp\/v2\/comments?post=11124"}],"version-history":[{"count":0,"href":"https:\/\/www.oparanews.com.br\/index.php\/wp-json\/wp\/v2\/posts\/11124\/revisions"}],"wp:attachment":[{"href":"https:\/\/www.oparanews.com.br\/index.php\/wp-json\/wp\/v2\/media?parent=11124"}],"wp:term":[{"taxonomy":"category","embeddable":true,"href":"https:\/\/www.oparanews.com.br\/index.php\/wp-json\/wp\/v2\/categories?post=11124"},{"taxonomy":"post_tag","embeddable":true,"href":"https:\/\/www.oparanews.com.br\/index.php\/wp-json\/wp\/v2\/tags?post=11124"}],"curies":[{"name":"wp","href":"https:\/\/api.w.org\/{rel}","templated":true}]}}