{"id":11130,"date":"2020-12-03T12:27:17","date_gmt":"2020-12-03T12:27:17","guid":{"rendered":"https:\/\/oparanews.com.br\/?p=11130"},"modified":"2020-12-03T12:27:17","modified_gmt":"2020-12-03T12:27:17","slug":"semfaz-penedo-lanca-calendario-fiscal-para-2021","status":"publish","type":"post","link":"https:\/\/www.oparanews.com.br\/index.php\/2020\/12\/03\/semfaz-penedo-lanca-calendario-fiscal-para-2021\/","title":{"rendered":"SEMFAZ Penedo lan\u00e7a calend\u00e1rio fiscal para 2021"},"content":{"rendered":"<p>A Secretaria Municipal da Fazenda de Penedo publicou nesta quarta-feira, 2 de dezembro, no Di\u00e1rio Oficial do Munic\u00edpio, a Portaria SEMFAZ n\u00ba 007\/2020 que estabelece as datas de lan\u00e7amento, os prazos e as condi\u00e7\u00f5es para o pagamento dos tributos municipais no ano calend\u00e1rio 2021.<\/p>\n<p>De acordo com o documento, os pagamentos de IPTU- Imposto Predial e Territorial Urbano e SSQN \u2013 Imposto Sobre Servi\u00e7os de Qualquer Natureza podem ser parcelados em at\u00e9 seis vezes.<\/p>\n<p>Com rela\u00e7\u00e3o ao IPTU, a primeira parcela vence em 31 de maio de 2021, sendo essa data tamb\u00e9m o prazo limite para o contribuinte receber o desconto de 20% ou 25% para pagamento integral do tributo.<\/p>\n<p>Ainda de acordo com a portaria, a SEMFAZ Penedo enviar\u00e1 os respectivos carnes para pagamento aos endere\u00e7os declarados pelos contribuintes.<\/p>\n<p>Informando tamb\u00e9m que no caso de n\u00e3o recebimento do carn\u00ea, o contribuinte dever\u00e1 retira-lo na sede da Superintend\u00eancia Fazend\u00e1ria do Munic\u00edpio, localizada na Avenida Get\u00falio Vargas, 284, centro; at\u00e9 a data de vencimento ou por meio do site oficial www.penedo.al.gov.br.<\/p>\n<p>&nbsp;<\/p>\n<p><strong>por Thiago Sobral &#8211; Decom (PMP)<\/strong><\/p>\n<p>&nbsp;<\/p>\n","protected":false},"excerpt":{"rendered":"<p>A Secretaria Municipal da Fazenda de Penedo publicou nesta quarta-feira, 2 de dezembro, no Di\u00e1rio Oficial do Munic\u00edpio, a Portaria SEMFAZ n\u00ba 007\/2020 que estabelece as datas de lan\u00e7amento, os prazos e as condi\u00e7\u00f5es para o pagamento dos tributos municipais no ano calend\u00e1rio 2021. De acordo com o documento, os pagamentos de IPTU- Imposto Predial &hellip;<\/p>\n","protected":false},"author":1,"featured_media":11131,"comment_status":"open","ping_status":"open","sticky":false,"template":"","format":"standard","meta":{"_jetpack_newsletter_access":"","_jetpack_dont_email_post_to_subs":false,"_jetpack_newsletter_tier_id":0,"_jetpack_memberships_contains_paywalled_content":false,"_jetpack_memberships_contains_paid_content":false,"footnotes":""},"categories":[1],"tags":[],"class_list":["post-11130","post","type-post","status-publish","format-standard","has-post-thumbnail","hentry","category-destaque"],"jetpack_sharing_enabled":true,"jetpack_featured_media_url":"","_links":{"self":[{"href":"https:\/\/www.oparanews.com.br\/index.php\/wp-json\/wp\/v2\/posts\/11130","targetHints":{"allow":["GET"]}}],"collection":[{"href":"https:\/\/www.oparanews.com.br\/index.php\/wp-json\/wp\/v2\/posts"}],"about":[{"href":"https:\/\/www.oparanews.com.br\/index.php\/wp-json\/wp\/v2\/types\/post"}],"author":[{"embeddable":true,"href":"https:\/\/www.oparanews.com.br\/index.php\/wp-json\/wp\/v2\/users\/1"}],"replies":[{"embeddable":true,"href":"https:\/\/www.oparanews.com.br\/index.php\/wp-json\/wp\/v2\/comments?post=11130"}],"version-history":[{"count":0,"href":"https:\/\/www.oparanews.com.br\/index.php\/wp-json\/wp\/v2\/posts\/11130\/revisions"}],"wp:attachment":[{"href":"https:\/\/www.oparanews.com.br\/index.php\/wp-json\/wp\/v2\/media?parent=11130"}],"wp:term":[{"taxonomy":"category","embeddable":true,"href":"https:\/\/www.oparanews.com.br\/index.php\/wp-json\/wp\/v2\/categories?post=11130"},{"taxonomy":"post_tag","embeddable":true,"href":"https:\/\/www.oparanews.com.br\/index.php\/wp-json\/wp\/v2\/tags?post=11130"}],"curies":[{"name":"wp","href":"https:\/\/api.w.org\/{rel}","templated":true}]}}