{"id":11133,"date":"2020-12-03T12:31:29","date_gmt":"2020-12-03T12:31:29","guid":{"rendered":"https:\/\/oparanews.com.br\/?p=11133"},"modified":"2020-12-03T12:31:29","modified_gmt":"2020-12-03T12:31:29","slug":"unidade-de-referencia-em-sindromes-gripais-de-penedo-funcionara-em-novo-local","status":"publish","type":"post","link":"https:\/\/www.oparanews.com.br\/index.php\/2020\/12\/03\/unidade-de-referencia-em-sindromes-gripais-de-penedo-funcionara-em-novo-local\/","title":{"rendered":"Unidade de Refer\u00eancia em S\u00edndromes Gripais de Penedo funcionar\u00e1 em novo local"},"content":{"rendered":"<p>A Unidade de Refer\u00eancia em S\u00edndromes Gripais aberta pela Prefeitura de Penedo para atuar exclusivamente no combate \u00e0 Covid-19 funcionar\u00e1 em novo local a partir da pr\u00f3xima segunda-feira, 07 de dezembro.<\/p>\n<p>O centro de triagem para diagn\u00f3stico de pacientes infectados pelo novo coronav\u00edrus instalado na antiga Unidade Sesi\/Senai est\u00e1 em processo de mudan\u00e7a para a Cohab.<\/p>\n<p>De acordo com a Secretaria Municipal de Sa\u00fade (SEMS), o servi\u00e7o criado em fun\u00e7\u00e3o da pandemia do novo coronav\u00edrus ser\u00e1 reaberto no posto da Cohab, no espa\u00e7o que atendia os usu\u00e1rios do Conjunto S\u00e3o Jos\u00e9 e adjac\u00eancias.<\/p>\n<p>Para n\u00e3o prejudicar a assist\u00eancia promovida pela Unidade de Refer\u00eancia em S\u00edndromes Gripais, a popula\u00e7\u00e3o de Penedo ser\u00e1 atendida na UPA at\u00e9 a conclus\u00e3o da transfer\u00eancia.<\/p>\n<p>A mudan\u00e7a do setor \u00e9 motivada pela cess\u00e3o do im\u00f3vel onde funcionava a Escola Municipal Santa Luzia para a Faculdade de Penedo. A institui\u00e7\u00e3o privada de ensino superior est\u00e1 em processo de instala\u00e7\u00e3o e receber\u00e1 a visita de representantes do Minist\u00e9rio da Educa\u00e7\u00e3o.<\/p>\n<p>&nbsp;<\/p>\n<p><strong>por Fernando Vin\u00edcius \u2013 Decom\/PMP<\/strong><\/p>\n<p>&nbsp;<\/p>\n","protected":false},"excerpt":{"rendered":"<p>A Unidade de Refer\u00eancia em S\u00edndromes Gripais aberta pela Prefeitura de Penedo para atuar exclusivamente no combate \u00e0 Covid-19 funcionar\u00e1 em novo local a partir da pr\u00f3xima segunda-feira, 07 de dezembro. O centro de triagem para diagn\u00f3stico de pacientes infectados pelo novo coronav\u00edrus instalado na antiga Unidade Sesi\/Senai est\u00e1 em processo de mudan\u00e7a para a &hellip;<\/p>\n","protected":false},"author":1,"featured_media":11134,"comment_status":"open","ping_status":"open","sticky":false,"template":"","format":"standard","meta":{"_jetpack_newsletter_access":"","_jetpack_dont_email_post_to_subs":false,"_jetpack_newsletter_tier_id":0,"_jetpack_memberships_contains_paywalled_content":false,"_jetpack_memberships_contains_paid_content":false,"footnotes":""},"categories":[1],"tags":[],"class_list":["post-11133","post","type-post","status-publish","format-standard","has-post-thumbnail","hentry","category-destaque"],"jetpack_sharing_enabled":true,"jetpack_featured_media_url":"","_links":{"self":[{"href":"https:\/\/www.oparanews.com.br\/index.php\/wp-json\/wp\/v2\/posts\/11133","targetHints":{"allow":["GET"]}}],"collection":[{"href":"https:\/\/www.oparanews.com.br\/index.php\/wp-json\/wp\/v2\/posts"}],"about":[{"href":"https:\/\/www.oparanews.com.br\/index.php\/wp-json\/wp\/v2\/types\/post"}],"author":[{"embeddable":true,"href":"https:\/\/www.oparanews.com.br\/index.php\/wp-json\/wp\/v2\/users\/1"}],"replies":[{"embeddable":true,"href":"https:\/\/www.oparanews.com.br\/index.php\/wp-json\/wp\/v2\/comments?post=11133"}],"version-history":[{"count":0,"href":"https:\/\/www.oparanews.com.br\/index.php\/wp-json\/wp\/v2\/posts\/11133\/revisions"}],"wp:attachment":[{"href":"https:\/\/www.oparanews.com.br\/index.php\/wp-json\/wp\/v2\/media?parent=11133"}],"wp:term":[{"taxonomy":"category","embeddable":true,"href":"https:\/\/www.oparanews.com.br\/index.php\/wp-json\/wp\/v2\/categories?post=11133"},{"taxonomy":"post_tag","embeddable":true,"href":"https:\/\/www.oparanews.com.br\/index.php\/wp-json\/wp\/v2\/tags?post=11133"}],"curies":[{"name":"wp","href":"https:\/\/api.w.org\/{rel}","templated":true}]}}