{"id":11148,"date":"2020-12-03T23:45:23","date_gmt":"2020-12-03T23:45:23","guid":{"rendered":"https:\/\/oparanews.com.br\/?p=11148"},"modified":"2020-12-03T23:45:23","modified_gmt":"2020-12-03T23:45:23","slug":"ronaldo-lopes-debate-acoes-com-o-conselho-tutelar-de-penedo","status":"publish","type":"post","link":"https:\/\/www.oparanews.com.br\/index.php\/2020\/12\/03\/ronaldo-lopes-debate-acoes-com-o-conselho-tutelar-de-penedo\/","title":{"rendered":"Ronaldo Lopes debate a\u00e7\u00f5es com o Conselho Tutelar de Penedo"},"content":{"rendered":"<p>O vice-prefeito de Penedo e pr\u00f3ximo gestor do munic\u00edpio, o engenheiro Ronaldo Lopes, reuniu-se com membros do Conselho Tutelar dos Direitos da Crian\u00e7a e do Adolescente. Em pauta, reivindica\u00e7\u00f5es do colegiado que o convidou para debater a\u00e7\u00f5es a serem desenvolvidas de forma conjunta com a Prefeitura de Penedo.<\/p>\n<p>\u201cFoi uma reuni\u00e3o muito proveitosa, aprofundei meu conhecimento sobre o trabalho desenvolvido pelo Conselho Tutelar em nossa cidade e discutimos algumas dificuldades que existem para que possamos estabelecer uma parceria mais forte, daqui pra frente\u201d, declarou Ronaldo Lopes ao Departamento de Comunica\u00e7\u00e3o da Prefeitura de Penedo.<\/p>\n<p>\u201cFiquei muito satisfeito, mesmo antes de ter assumido a administra\u00e7\u00e3o do nosso munic\u00edpio, de poder participar de uma reuni\u00e3o de trabalho com os conselheiros tutelares que desenvolvem um trabalho da maior import\u00e2ncia na cidade de Penedo, de forma atuante, inclusive com destaque em Alagoas\u201d, completou Ronaldo Lopes.<\/p>\n<p>Parceria<\/p>\n<p>\u201cFoi um momento produtivo e que selou uma parceria muito importante entre o Conselho Tutelar e o futuro gestor municipal. Que a garantia dos direitos de crian\u00e7as e adolescentes seja sempre prioridade das a\u00e7\u00f5es e promo\u00e7\u00e3o de pol\u00edtica p\u00fablica do nosso munic\u00edpio\u201d, escreveu o conselheiro tutelar Alysson Dantas no Instagram de Ronaldo Lopes.<\/p>\n<p>Neide do Conselho, a mais experiente integrante da institui\u00e7\u00e3o cujos representantes s\u00e3o eleitos pelo voto popular, tamb\u00e9m comentou na rede social de Ronaldo Lopes. \u201cRealmente foi uma reuni\u00e3o proveitosa e esperada por todo colegiado\u201d.<\/p>\n<p>O atual presidente do Conselho Tutelar dos Direitos da Crian\u00e7a e do Adolescente em Penedo destacou a import\u00e2ncia do encontro e externou sua gratid\u00e3o. \u201cFoi um momento muito importante para o Conselho Tutelar de Penedo! Agradecemos a aten\u00e7\u00e3o e o comprometimento do prefeito eleito Ronaldo Lopes\u201d, comentou Lucimar \u00c2ngelo.<\/p>\n<p>A conselheira Marise Souza Lima afirmou, nos coment\u00e1rios da postagem publicada na linha de tempo do perfil do pr\u00f3ximo prefeito penedense, que a crian\u00e7a e adolescente precisam sempre de prioridade e preven\u00e7\u00e3o. \u201cReuni\u00e3o bastante animadora e que nos deixou muito felizes com o comprometimento do prefeito eleito Ronaldo Lopes\u201d, escreveu Marise sobre a reuni\u00e3o que contou ainda com a participa\u00e7\u00e3o da conselheira tutelar Kerrley Messias.<\/p>\n<p>&nbsp;<\/p>\n<p><strong>por Fernando Vin\u00edcius \u2013 Decom\/PMP<\/strong><\/p>\n<p>&nbsp;<\/p>\n","protected":false},"excerpt":{"rendered":"<p>O vice-prefeito de Penedo e pr\u00f3ximo gestor do munic\u00edpio, o engenheiro Ronaldo Lopes, reuniu-se com membros do Conselho Tutelar dos Direitos da Crian\u00e7a e do Adolescente. Em pauta, reivindica\u00e7\u00f5es do colegiado que o convidou para debater a\u00e7\u00f5es a serem desenvolvidas de forma conjunta com a Prefeitura de Penedo. \u201cFoi uma reuni\u00e3o muito proveitosa, aprofundei meu &hellip;<\/p>\n","protected":false},"author":1,"featured_media":11149,"comment_status":"open","ping_status":"open","sticky":false,"template":"","format":"standard","meta":{"_jetpack_newsletter_access":"","_jetpack_dont_email_post_to_subs":false,"_jetpack_newsletter_tier_id":0,"_jetpack_memberships_contains_paywalled_content":false,"_jetpack_memberships_contains_paid_content":false,"footnotes":""},"categories":[1],"tags":[],"class_list":["post-11148","post","type-post","status-publish","format-standard","has-post-thumbnail","hentry","category-destaque"],"jetpack_sharing_enabled":true,"jetpack_featured_media_url":"","_links":{"self":[{"href":"https:\/\/www.oparanews.com.br\/index.php\/wp-json\/wp\/v2\/posts\/11148","targetHints":{"allow":["GET"]}}],"collection":[{"href":"https:\/\/www.oparanews.com.br\/index.php\/wp-json\/wp\/v2\/posts"}],"about":[{"href":"https:\/\/www.oparanews.com.br\/index.php\/wp-json\/wp\/v2\/types\/post"}],"author":[{"embeddable":true,"href":"https:\/\/www.oparanews.com.br\/index.php\/wp-json\/wp\/v2\/users\/1"}],"replies":[{"embeddable":true,"href":"https:\/\/www.oparanews.com.br\/index.php\/wp-json\/wp\/v2\/comments?post=11148"}],"version-history":[{"count":0,"href":"https:\/\/www.oparanews.com.br\/index.php\/wp-json\/wp\/v2\/posts\/11148\/revisions"}],"wp:attachment":[{"href":"https:\/\/www.oparanews.com.br\/index.php\/wp-json\/wp\/v2\/media?parent=11148"}],"wp:term":[{"taxonomy":"category","embeddable":true,"href":"https:\/\/www.oparanews.com.br\/index.php\/wp-json\/wp\/v2\/categories?post=11148"},{"taxonomy":"post_tag","embeddable":true,"href":"https:\/\/www.oparanews.com.br\/index.php\/wp-json\/wp\/v2\/tags?post=11148"}],"curies":[{"name":"wp","href":"https:\/\/api.w.org\/{rel}","templated":true}]}}