{"id":11153,"date":"2020-12-04T14:51:36","date_gmt":"2020-12-04T14:51:36","guid":{"rendered":"https:\/\/oparanews.com.br\/?p=11153"},"modified":"2020-12-04T14:51:36","modified_gmt":"2020-12-04T14:51:36","slug":"secretario-de-educacao-e-redes-de-ensino-dialogam-sobre-reabertura-de-escolas-em-2021","status":"publish","type":"post","link":"https:\/\/www.oparanews.com.br\/index.php\/2020\/12\/04\/secretario-de-educacao-e-redes-de-ensino-dialogam-sobre-reabertura-de-escolas-em-2021\/","title":{"rendered":"Secret\u00e1rio de Educa\u00e7\u00e3o e redes de ensino dialogam sobre reabertura de escolas em 2021"},"content":{"rendered":"<p>O Secret\u00e1rio de Estado da Educa\u00e7\u00e3o, F\u00e1bio Guedes, tem mantido uma agenda ativa para dialogar com todas as redes de ensino da educa\u00e7\u00e3o b\u00e1sica. Nesta quinta-feira (03), ele recebeu, em seu gabinete, representantes da rede privada para discutir uma perspectiva de retorno \u00e0s aulas em 2021, por meio de sistema h\u00edbrido de ensino, especialmente para a educa\u00e7\u00e3o infantil.<\/p>\n<p>\u201cNa pr\u00f3xima semana, o Governo do Estado deve receber todos os representantes da rede privada de ensino para discutir a possibilidade de abertura e libera\u00e7\u00e3o do sistema h\u00edbrido de ensino para 2021\u201d, declarou o secret\u00e1rio.<\/p>\n<p>Sistema h\u00edbrido \u2013 Enquanto destaca que cada rede dever\u00e1 obedecer calend\u00e1rio pr\u00f3prio, o secret\u00e1rio afirma que todas as situa\u00e7\u00f5es ser\u00e3o consideradas para n\u00e3o prejudicar os estudantes com rela\u00e7\u00e3o ao sistema h\u00edbrido.<\/p>\n<p>\u201cVamos avaliar todas as possibilidades sobre o acesso \u00e0 tecnologia por parte dos estudantes e sobre os meios pelos quais os conte\u00fados chegar\u00e3o at\u00e9 eles: TV, r\u00e1dio, entre outros. E tamb\u00e9m levando em considera\u00e7\u00e3o aqueles estudantes que n\u00e3o podem frequentar a escola por raz\u00f5es de sa\u00fade, deles ou dos pais\u201d, pontuou o gestor.<\/p>\n<p>Agenda &#8211; Tamb\u00e9m ontem, o secret\u00e1rio F\u00e1bio Guedes participou da live sobre readequa\u00e7\u00e3o do calend\u00e1rio do ano letivo, promovida pela Uni\u00e3o dos Dirigentes Municipais de Educa\u00e7\u00e3o (Undime-AL), reunindo as principais lideran\u00e7as das redes p\u00fablicas municipais de ensino dos estados de Alagoas, Pernambuco e Sergipe, que contou com apoio e participa\u00e7\u00e3o de especialistas da Funda\u00e7\u00e3o Lemann.<\/p>\n<p>Guedes participa, nesta quinta e sexta-feira (03 e 04), do I Semin\u00e1rio T\u00e9cnico Continuum Curricular 20\/21, com gerentes regionais de Educa\u00e7\u00e3o, superintendentes e gestores educacionais para discutir a continuidade do calend\u00e1rio da rede estadual.<\/p>\n<p>&nbsp;<\/p>\n<p><strong>Fonte: Ag\u00eancia Alagoas<\/strong><\/p>\n<p>&nbsp;<\/p>\n","protected":false},"excerpt":{"rendered":"<p>O Secret\u00e1rio de Estado da Educa\u00e7\u00e3o, F\u00e1bio Guedes, tem mantido uma agenda ativa para dialogar com todas as redes de ensino da educa\u00e7\u00e3o b\u00e1sica. Nesta quinta-feira (03), ele recebeu, em seu gabinete, representantes da rede privada para discutir uma perspectiva de retorno \u00e0s aulas em 2021, por meio de sistema h\u00edbrido de ensino, especialmente para &hellip;<\/p>\n","protected":false},"author":1,"featured_media":11154,"comment_status":"open","ping_status":"open","sticky":false,"template":"","format":"standard","meta":{"_jetpack_newsletter_access":"","_jetpack_dont_email_post_to_subs":false,"_jetpack_newsletter_tier_id":0,"_jetpack_memberships_contains_paywalled_content":false,"_jetpack_memberships_contains_paid_content":false,"footnotes":""},"categories":[1],"tags":[],"class_list":["post-11153","post","type-post","status-publish","format-standard","has-post-thumbnail","hentry","category-destaque"],"jetpack_sharing_enabled":true,"jetpack_featured_media_url":"","_links":{"self":[{"href":"https:\/\/www.oparanews.com.br\/index.php\/wp-json\/wp\/v2\/posts\/11153","targetHints":{"allow":["GET"]}}],"collection":[{"href":"https:\/\/www.oparanews.com.br\/index.php\/wp-json\/wp\/v2\/posts"}],"about":[{"href":"https:\/\/www.oparanews.com.br\/index.php\/wp-json\/wp\/v2\/types\/post"}],"author":[{"embeddable":true,"href":"https:\/\/www.oparanews.com.br\/index.php\/wp-json\/wp\/v2\/users\/1"}],"replies":[{"embeddable":true,"href":"https:\/\/www.oparanews.com.br\/index.php\/wp-json\/wp\/v2\/comments?post=11153"}],"version-history":[{"count":0,"href":"https:\/\/www.oparanews.com.br\/index.php\/wp-json\/wp\/v2\/posts\/11153\/revisions"}],"wp:attachment":[{"href":"https:\/\/www.oparanews.com.br\/index.php\/wp-json\/wp\/v2\/media?parent=11153"}],"wp:term":[{"taxonomy":"category","embeddable":true,"href":"https:\/\/www.oparanews.com.br\/index.php\/wp-json\/wp\/v2\/categories?post=11153"},{"taxonomy":"post_tag","embeddable":true,"href":"https:\/\/www.oparanews.com.br\/index.php\/wp-json\/wp\/v2\/tags?post=11153"}],"curies":[{"name":"wp","href":"https:\/\/api.w.org\/{rel}","templated":true}]}}