{"id":11162,"date":"2020-12-04T18:59:18","date_gmt":"2020-12-04T18:59:18","guid":{"rendered":"https:\/\/oparanews.com.br\/?p=11162"},"modified":"2020-12-04T18:59:18","modified_gmt":"2020-12-04T18:59:18","slug":"promotores-de-sp-discutem-furar-a-fila-da-vacina-para-covid","status":"publish","type":"post","link":"https:\/\/www.oparanews.com.br\/index.php\/2020\/12\/04\/promotores-de-sp-discutem-furar-a-fila-da-vacina-para-covid\/","title":{"rendered":"Promotores de SP discutem furar a fila da vacina para covid"},"content":{"rendered":"<p>Nesta quarta-feira (02\/12), veio a p\u00fablico a ata de uma reuni\u00e3o do Conselho Superior do Minist\u00e9rio P\u00fablico do Estado de S\u00e3o Paulo (MPSP) segundo a qual um grupo de membros da institui\u00e7\u00e3o teria feito uma &#8220;manifesta\u00e7\u00e3o&#8221; pedindo para que a categoria pudesse &#8220;furar a fila&#8221; de prioridades, e receber a vacina contra a covid-19 antes do resto da popula\u00e7\u00e3o.<\/p>\n<p>Agora, uma reviravolta no caso: o promotor mencionado no documento oficial como autor do pedido disse \u00e0 BBC News Brasil que nunca organizou ou assinou nenhum tipo de texto, abaixo-assinado, ou outra peti\u00e7\u00e3o.<\/p>\n<p>&#8220;Gostaria de saber onde ele est\u00e1 (o pedido), para poder me defender. Porque realmente eu n\u00e3o assinei nenhum documento, n\u00e3o fiz nenhum pedido neste sentido&#8221;, disse \u00e0 BBC News Brasil o promotor do MP-SP Roberto Barbosa Alves.<\/p>\n<p>&#8220;Nem tenho essa lideran\u00e7a para ter tantos colegas assim que eu possa pedir assinaturas&#8221;, disse ele.<\/p>\n<p>O pedido seria direcionado ao gabinete de crise do governo estadual, criado para o enfrentamento da pandemia.<\/p>\n<p>O pleito foi apresentado ao chefe do MPSP, o procurador-geral de Justi\u00e7a Mario Luiz Sarrubbo, em 24 de novembro deste ano, durante uma reuni\u00e3o do Conselho Superior da institui\u00e7\u00e3o.<\/p>\n<p>Quem levou a solicita\u00e7\u00e3o a Sarrubbo foi o procurador Arual Martins, que integra o Conselho.<\/p>\n<p>&#8220;O Conselheiro Arual apresentou manifesta\u00e7\u00e3o que lhe foi trazida pelo colega Promotor de Justi\u00e7a Doutor Roberto Barbosa Alves e outros colegas que a subscrevem, e que deve ser tratada no Comit\u00ea de Combate \u00e0 Covid-19&#8221;, diz um trecho da ata da reuni\u00e3o.<\/p>\n<p>&#8220;Trata-se de sugest\u00e3o para a an\u00e1lise da possibilidade de que os Promotores de Justi\u00e7a sejam inclu\u00eddos em uma das primeiras etapas priorit\u00e1rias da vacina\u00e7\u00e3o contra a covid-19, dada a atividade funcional da carreira&#8221;, continua o documento.<\/p>\n<p>A ata da reuni\u00e3o chega a citar um trecho da suposta &#8220;manifesta\u00e7\u00e3o&#8221;, atribu\u00edda a Roberto Barbosa Alves.<\/p>\n<p>&#8220;N\u00e3o \u00e9 uma quest\u00e3o de ego\u00edsmo em rela\u00e7\u00e3o a outras carreiras, mas tendo em vista notadamente os colegas do primeiro grau, que trabalham com audi\u00eancias, atendimento ao p\u00fablico e outras atividades em que o contato social \u00e9 extremamente grande e faz parte do nosso dia a dia&#8221;, diz um trecho. O documento foi revelado pelo jornal online Brasil de Fato.<\/p>\n<p>&#8220;O Conselheiro Sarrubbo afirmou que encaminhar\u00e1 a quest\u00e3o ao Gabinete de Crise e que pode pessoalmente se empenhar em apresentar esse pleito ao Governo do Estado. (&#8230;) H\u00e1 uma perspectiva de que a partir de janeiro comecem as vacina\u00e7\u00f5es, inicialmente para a popula\u00e7\u00e3o mais vulner\u00e1vel, que seriam os idosos, os profissionais de medicina, e assim por diante. De todo modo, considera que \u00e9 um pleito que pode ser levado a an\u00e1lise pelo Gabinete de Crise&#8221;, diz outro trecho da ata.<\/p>\n<p>A reportagem da BBC News Brasil mandou mensagens de texto e ligou para o conselheiro Arual Martins, mas n\u00e3o obteve resposta at\u00e9 o momento. O WhatsApp indica que as mensagens da BBC News Brasil foram visualizadas, mas n\u00e3o houve retorno.<\/p>\n<p>Em nota \u00e0 reportagem da BBC News Brasil, o MP-SP disse que o pedido nunca resultou em qualquer &#8220;solicita\u00e7\u00e3o formal por parte de promotores para a sua inclus\u00e3o nas etapas iniciais da vacina\u00e7\u00e3o contra a covid-19&#8221;.<\/p>\n<p>&#8220;O assunto foi aventado por iniciativa de um membro do Conselho Superior da institui\u00e7\u00e3o. Todavia, n\u00e3o houve qualquer delibera\u00e7\u00e3o acerca do infundado questionamento. Quem encaminha os temas para vota\u00e7\u00e3o no Conselho \u00e9 o procurador-geral de Justi\u00e7a, que n\u00e3o deu prosseguimento \u00e0 discuss\u00e3o do assunto e tampouco fez qualquer gest\u00e3o relativa a isso junto \u00e0s autoridades sanit\u00e1rias&#8221;, disse o \u00f3rg\u00e3o, em nota.<\/p>\n<p>&#8216;Apenas conversei informalmente no WhatsApp&#8217;<\/p>\n<p>\u00c0 BBC News Brasil, Roberto Barbosa Alves disse foi citado de forma &#8220;indevida&#8221; na ata da reuni\u00e3o.<\/p>\n<p>&#8220;Houve um envolvimento indevido do meu nome nesta situa\u00e7\u00e3o. Eu n\u00e3o fiz nenhum pedido. N\u00e3o assinei nenhum abaixo-assinado e desconhe\u00e7o essa situa\u00e7\u00e3o. E me parece realmente que n\u00e3o existe nenhum pedido. Ent\u00e3o eu n\u00e3o sei de onde se tirou isso. Para divulgar numa ata do Conselho e posteriormente na imprensa&#8221;, disse.<\/p>\n<p>O que existiu, diz Barbosa, foi uma conversa informal com Arual Martins sobre o tema, e n\u00e3o um abaixo-assinado.<\/p>\n<p>&#8220;Eu perguntei a ele o que ele (Arual Martins) pensava sobre o assunto, numa conversa informal de WhatsApp&#8221;, disse o promotor.<\/p>\n<p>&#8220;Conversei informalmente com o conselheiro (Arual Martins), perguntando a opini\u00e3o dele sobre o assunto, porque isso evidentemente \u00e9 discutido. N\u00e3o s\u00f3 no Minist\u00e9rio P\u00fablico, mas acredito que em todas as institui\u00e7\u00f5es isso seja debatido&#8221;, disse.<\/p>\n<p>&#8220;Pouca gente fala, mas os promotores visitam casas de idosos, por exemplo. Abrigos para idosos. E, acho que \u00e9 razo\u00e1vel a gente discutir que esses promotores pelo menos possam ter uma prioridade. Para que n\u00e3o sejam vetores. Mas isso \u00e9 uma discuss\u00e3o. T\u00e1 longe, mas muito longe, de ser a minha opini\u00e3o, e de ser um pedido formal, que eu nunca fiz&#8221;, diz ele.<\/p>\n<p>&#8220;Ent\u00e3o, da minha parte, eu n\u00e3o fiz nenhum pedido. E discordo do pedido, se \u00e9 que ele foi feito. N\u00e3o concordo com ele, queria deixar isso bem claro. Desconhe\u00e7o qualquer abaixo assinado, desconhe\u00e7o qualquer pedido&#8221;, frisou ele.<\/p>\n<p>&#8220;Foi uma manifesta\u00e7\u00e3o de um conselheiro do MP. O conselheiro (Arual Martins) \u00e9 que deve explicar por que \u00e9 que ele fez este pedido. Porque \u00e9 que ele falou sobre um abaixo-assinado, sobre um pedido. Quem tem que dar explica\u00e7\u00f5es \u00e9 ele, n\u00e3o \u00e9? Porque, se n\u00e3o existe nada, ele \u00e9 que tem que dizer de onde ele tirou esta informa\u00e7\u00e3o&#8221;, disse Roberto.<\/p>\n<p>&#8220;Eu estou passando um dia lament\u00e1vel. Tem at\u00e9 fotografia minha no (portal de not\u00edcias) UOL, sendo que eu n\u00e3o fiz nenhum movimento, n\u00e9, para levar isto ao Conselho (Superior do MPSP). Inclusive discordo, quero deixar bem claro, discordo desta possibilidade de priorizar os membros do MP (na vacina\u00e7\u00e3o)&#8221;, disse o promotor nesta quinta-feira (03\/11).<\/p>\n<p>&#8220;Felizmente tenho recebido muitas mensagens de solidariedade, mas ao mesmo tempo tenho sofrido ataques bastante pesados e bastante injustos&#8221;, lamentou.<\/p>\n<p>Questionado sobre se Arual Martins teria mentido na reuni\u00e3o do Conselho do MPSP, Alves tergiversou.<\/p>\n<p>&#8220;Eu n\u00e3o posso afirmar isto (que Arual mentiu ou se excedeu) porque se trata da transcri\u00e7\u00e3o de uma ata de um colegiado. Ent\u00e3o eu n\u00e3o sei exatamente o que aconteceu na reuni\u00e3o. N\u00e3o posso afirmar nada sobre isso&#8221;, disse ele.<\/p>\n<p>No plano do Minist\u00e9rio da Sa\u00fade, idosos ter\u00e3o prioridade<\/p>\n<p>Na \u00faltima ter\u00e7a-feira 01\/12), o Minist\u00e9rio da Sa\u00fade divulgou um planejamento preliminar para a vacina\u00e7\u00e3o no Brasil. Na estrat\u00e9gia proposta pela pasta, a vacina\u00e7\u00e3o se dar\u00e1 em quatro fases, e a prioridade ser\u00e1 dada a grupos considerados mais vulner\u00e1veis ao SARS-CoV-2, como idosos acima de 75 anos, pessoas com comorbidades, profissionais de sa\u00fade e ind\u00edgenas.<\/p>\n<p>Depois, na segunda fase, ser\u00e1 a vez dos idosos entre 60 e 74 anos de idade. Na terceira fase, ser\u00e1 a vez de pessoas com comorbidades que podem agravar a doen\u00e7a, como pessoas com doen\u00e7as renais e cardiovasculares.<\/p>\n<p>Por fim, a quarta fase incluir\u00e1 professores, agentes de seguran\u00e7a e bombeiros, carcereiros e presidi\u00e1rios.<\/p>\n<p>No governo federal, a aposta \u00e9 no imunizante desenvolvimento pela firma brit\u00e2nica AstraZeneca em parceria com a Universidade de Oxford.<\/p>\n<p>No caso do governo de S\u00e3o Paulo, uma vacina est\u00e1 sendo desenvolvida pela farmac\u00eautica chinesa Sinovac, em parceria com o Instituto Butantan. O imunizante dever\u00e1 estar dispon\u00edvel para a popula\u00e7\u00e3o em janeiro de 2021, segundo disse nesta quinta-feira (03) o diretor do Butantan, Dimas Covas.<\/p>\n<p>&#8220;A vacina estar\u00e1 dispon\u00edvel e o registro na Anvisa, acredito eu, tamb\u00e9m estar\u00e1 dispon\u00edvel. Ent\u00e3o, poderemos iniciar um programa em janeiro, acredito, de vacina\u00e7\u00e3o&#8221;, disse Dimas Covas.<\/p>\n<p>&nbsp;<\/p>\n<p><strong>Fonte: Terra Colaboraram Mariana Schreiber, de Bras\u00edlia, e Let\u00edcia Mori, de S\u00e3o Paulo<br \/>\n<\/strong><\/p>\n<p>&nbsp;<\/p>\n","protected":false},"excerpt":{"rendered":"<p>Nesta quarta-feira (02\/12), veio a p\u00fablico a ata de uma reuni\u00e3o do Conselho Superior do Minist\u00e9rio P\u00fablico do Estado de S\u00e3o Paulo (MPSP) segundo a qual um grupo de membros da institui\u00e7\u00e3o teria feito uma &#8220;manifesta\u00e7\u00e3o&#8221; pedindo para que a categoria pudesse &#8220;furar a fila&#8221; de prioridades, e receber a vacina contra a covid-19 antes &hellip;<\/p>\n","protected":false},"author":1,"featured_media":11163,"comment_status":"open","ping_status":"open","sticky":false,"template":"","format":"standard","meta":{"_jetpack_newsletter_access":"","_jetpack_dont_email_post_to_subs":false,"_jetpack_newsletter_tier_id":0,"_jetpack_memberships_contains_paywalled_content":false,"_jetpack_memberships_contains_paid_content":false,"footnotes":""},"categories":[1],"tags":[],"class_list":["post-11162","post","type-post","status-publish","format-standard","has-post-thumbnail","hentry","category-destaque"],"jetpack_sharing_enabled":true,"jetpack_featured_media_url":"","_links":{"self":[{"href":"https:\/\/www.oparanews.com.br\/index.php\/wp-json\/wp\/v2\/posts\/11162","targetHints":{"allow":["GET"]}}],"collection":[{"href":"https:\/\/www.oparanews.com.br\/index.php\/wp-json\/wp\/v2\/posts"}],"about":[{"href":"https:\/\/www.oparanews.com.br\/index.php\/wp-json\/wp\/v2\/types\/post"}],"author":[{"embeddable":true,"href":"https:\/\/www.oparanews.com.br\/index.php\/wp-json\/wp\/v2\/users\/1"}],"replies":[{"embeddable":true,"href":"https:\/\/www.oparanews.com.br\/index.php\/wp-json\/wp\/v2\/comments?post=11162"}],"version-history":[{"count":0,"href":"https:\/\/www.oparanews.com.br\/index.php\/wp-json\/wp\/v2\/posts\/11162\/revisions"}],"wp:attachment":[{"href":"https:\/\/www.oparanews.com.br\/index.php\/wp-json\/wp\/v2\/media?parent=11162"}],"wp:term":[{"taxonomy":"category","embeddable":true,"href":"https:\/\/www.oparanews.com.br\/index.php\/wp-json\/wp\/v2\/categories?post=11162"},{"taxonomy":"post_tag","embeddable":true,"href":"https:\/\/www.oparanews.com.br\/index.php\/wp-json\/wp\/v2\/tags?post=11162"}],"curies":[{"name":"wp","href":"https:\/\/api.w.org\/{rel}","templated":true}]}}