{"id":11168,"date":"2020-12-04T19:09:37","date_gmt":"2020-12-04T19:09:37","guid":{"rendered":"https:\/\/oparanews.com.br\/?p=11168"},"modified":"2020-12-04T19:09:37","modified_gmt":"2020-12-04T19:09:37","slug":"narrador-testa-positivo-para-covid-e-globo-tem-quase-90-casos","status":"publish","type":"post","link":"https:\/\/www.oparanews.com.br\/index.php\/2020\/12\/04\/narrador-testa-positivo-para-covid-e-globo-tem-quase-90-casos\/","title":{"rendered":"Narrador testa positivo para Covid e Globo tem quase 90 casos"},"content":{"rendered":"<p>O narrador Gustavo Villani testou positivo e est\u00e1 afastado das transmiss\u00f5es. Ele se junta a Luiz Carlos Jr e Marcelo Moreno , que tamb\u00e9m est\u00e3o infectados pelo novo coronav\u00edrus, e a Galv\u00e3o Bueno , Milton Leite e Jota J\u00fanior , que est\u00e3o fora das escalas desde o in\u00edcio da pandemia por fazerem parte do grupo de risco (mais de 60 anos). A informa\u00e7\u00e3o foi divulgada pelo site &#8220;UOL&#8221;.<\/p>\n<p>&#8211; Estou bem, tive sorte de ser assintom\u00e1tico e, segundo a infectologista, em fase final do ciclo. Em breve, testaremos de novo e retomamos o trabalho. Vou me cuidar &#8211; disse Villani, que est\u00e1 assintom\u00e1tico e isolado.<\/p>\n<p>Por causa do diagn\u00f3stico, Gustavo Villani foi substitu\u00eddo \u00e0s pressas na \u00faltima quarta-feira da transmiss\u00e3o do Premiere de Fortaleza 0 x 0 Corinthians, pelo Campeonato Brasileiro. Quem narrou o jogo em seu lugar foi J\u00falio Oliveira, ao lado de Paulo Vin\u00edcius Coelho. Villani tamb\u00e9m faria o cl\u00e1ssico entre Flamengo x Botafogo no fim de semana, que ter\u00e1, ent\u00e3o, o comando de Jader Rocha.<\/p>\n<p>A Globo tem trabalhado para refor\u00e7ar seus protocolos de seguran\u00e7a. Recentemente, o &#8220;SporTV News&#8221; foi cancelado e ainda n\u00e3o tem previs\u00e3o de volta.<\/p>\n<p>O programa &#8220;Sele\u00e7\u00e3o SporTV&#8221; foi modificado e apenas o apresentador Andr\u00e9 Rizek fica na bancada, enquanto os comentaristas e convidados aparecem por transmiss\u00e3o de v\u00eddeo. No &#8220;Troca de Passes&#8221;, Karine Alves tamb\u00e9m n\u00e3o tem mais a companhia de um comentarista na bancada.<\/p>\n<p>&nbsp;<\/p>\n<p><strong>Fonte: iG<\/strong><\/p>\n<p>&nbsp;<\/p>\n","protected":false},"excerpt":{"rendered":"<p>O narrador Gustavo Villani testou positivo e est\u00e1 afastado das transmiss\u00f5es. Ele se junta a Luiz Carlos Jr e Marcelo Moreno , que tamb\u00e9m est\u00e3o infectados pelo novo coronav\u00edrus, e a Galv\u00e3o Bueno , Milton Leite e Jota J\u00fanior , que est\u00e3o fora das escalas desde o in\u00edcio da pandemia por fazerem parte do grupo &hellip;<\/p>\n","protected":false},"author":1,"featured_media":11169,"comment_status":"open","ping_status":"open","sticky":false,"template":"","format":"standard","meta":{"_jetpack_newsletter_access":"","_jetpack_dont_email_post_to_subs":false,"_jetpack_newsletter_tier_id":0,"_jetpack_memberships_contains_paywalled_content":false,"_jetpack_memberships_contains_paid_content":false,"footnotes":""},"categories":[1],"tags":[],"class_list":["post-11168","post","type-post","status-publish","format-standard","has-post-thumbnail","hentry","category-destaque"],"jetpack_sharing_enabled":true,"jetpack_featured_media_url":"","_links":{"self":[{"href":"https:\/\/www.oparanews.com.br\/index.php\/wp-json\/wp\/v2\/posts\/11168","targetHints":{"allow":["GET"]}}],"collection":[{"href":"https:\/\/www.oparanews.com.br\/index.php\/wp-json\/wp\/v2\/posts"}],"about":[{"href":"https:\/\/www.oparanews.com.br\/index.php\/wp-json\/wp\/v2\/types\/post"}],"author":[{"embeddable":true,"href":"https:\/\/www.oparanews.com.br\/index.php\/wp-json\/wp\/v2\/users\/1"}],"replies":[{"embeddable":true,"href":"https:\/\/www.oparanews.com.br\/index.php\/wp-json\/wp\/v2\/comments?post=11168"}],"version-history":[{"count":0,"href":"https:\/\/www.oparanews.com.br\/index.php\/wp-json\/wp\/v2\/posts\/11168\/revisions"}],"wp:attachment":[{"href":"https:\/\/www.oparanews.com.br\/index.php\/wp-json\/wp\/v2\/media?parent=11168"}],"wp:term":[{"taxonomy":"category","embeddable":true,"href":"https:\/\/www.oparanews.com.br\/index.php\/wp-json\/wp\/v2\/categories?post=11168"},{"taxonomy":"post_tag","embeddable":true,"href":"https:\/\/www.oparanews.com.br\/index.php\/wp-json\/wp\/v2\/tags?post=11168"}],"curies":[{"name":"wp","href":"https:\/\/api.w.org\/{rel}","templated":true}]}}