{"id":11179,"date":"2020-12-05T11:25:38","date_gmt":"2020-12-05T11:25:38","guid":{"rendered":"https:\/\/oparanews.com.br\/?p=11179"},"modified":"2020-12-05T11:25:38","modified_gmt":"2020-12-05T11:25:38","slug":"governador-renan-filho-recebe-prefeito-eleito-de-maceio","status":"publish","type":"post","link":"https:\/\/www.oparanews.com.br\/index.php\/2020\/12\/05\/governador-renan-filho-recebe-prefeito-eleito-de-maceio\/","title":{"rendered":"Governador Renan Filho recebe prefeito eleito de Macei\u00f3"},"content":{"rendered":"<p>O governador de Alagoas, Renan Filho, e o prefeito eleito de Macei\u00f3, Jo\u00e3o Henrique Caldas (JHC), se reuniram, na manh\u00e3 desta sexta-feira (04), no Pal\u00e1cio Rep\u00fablica dos Palmares. Participaram do encontro secret\u00e1rios de Estado e membros da equipe de transi\u00e7\u00e3o administrativa da nova gest\u00e3o municipal. Eles discutiram projetos e obras para a capital, sobretudo nas \u00e1reas da sa\u00fade, educa\u00e7\u00e3o, seguran\u00e7a p\u00fablica e infraestrutura urbana.<\/p>\n<p>Renan Filho colocou o Governo do Estado \u00e0 disposi\u00e7\u00e3o para colaborar com a nova gest\u00e3o, al\u00e9m de garantir a continuidade dos investimentos que v\u00eam sendo feitos em todas as \u00e1reas, principalmente no tocante \u00e0 mobilidade urbana, ao saneamento b\u00e1sico e ao atendimento em sa\u00fade p\u00fablica.<\/p>\n<p>\u201cO avan\u00e7o da capital \u00e9 certamente o avan\u00e7o do Estado de Alagoas. Ent\u00e3o, estamos aqui \u00e0 disposi\u00e7\u00e3o. Quero garantir, desde logo, que o Estado seguir\u00e1 fazendo os investimentos que vem realizando para ajudar a prefeitura\u201d, afirmou Renan Filho.<\/p>\n<p>O fen\u00f4meno geol\u00f3gico que atinge quatro bairros da capital alagoana (Pinheiro, Mutange, Bebedouro e Bom Parto) e o combate \u00e0 pandemia da Covid-19 na capital tamb\u00e9m foram temas bastante discutidos durante a reuni\u00e3o realizada no Sal\u00e3o de Despachos do Pal\u00e1cio Rep\u00fablica dos Palmares.<\/p>\n<p>\u201cA agenda do prefeito eleito \u00e9 convergente com a nossa. Essa agenda, ali\u00e1s, \u00e9 a agenda do povo de Macei\u00f3: \u00e9 a agenda das creches, das cl\u00ednicas da fam\u00edlia, do combate \u00e0 Covid, de cuidar dos bairros atingidos pelo afundamento\u201d, destacou Renan Filho.<\/p>\n<p>JHC falou em \u201cesp\u00edrito de coopera\u00e7\u00e3o\u201d com o Governo de Alagoas para avan\u00e7ar com projetos e obras em benef\u00edcio da popula\u00e7\u00e3o de Macei\u00f3.<\/p>\n<p>\u201cO Governo do Estado \u00e9 fundamental. A gente ter\u00e1 uma rela\u00e7\u00e3o institucional excelente, vamos trabalhar juntos nesse momento dif\u00edcil que estamos passando para que a popula\u00e7\u00e3o sofra minimamente os efeitos da pandemia\u201d, afirmou JHC.<\/p>\n<p>O prefeito eleito considerou curto o tempo para a transi\u00e7\u00e3o administrativa, mas espera, a partir da pr\u00f3xima semana, realizar reuni\u00f5es tem\u00e1ticas com representantes do Governo do Estado, j\u00e1 com nomes definidos para as secretarias municipais.<\/p>\n<p>\u201cGarantimos nessa reuni\u00e3o iniciativas boas e uma constru\u00e7\u00e3o de uma agenda proativa para Macei\u00f3. Agora, a gente vai passar tamb\u00e9m a fazer essas agendas tem\u00e1ticas. O tanto quanto poss\u00edvel, eu tamb\u00e9m participarei dessas agendas\u201d, finalizou JHC.<\/p>\n<p>Participaram da reuni\u00e3o os secret\u00e1rios de Estado da Fazenda, George Santoro; do Planejamento, Gest\u00e3o e Patrim\u00f4nio, Fabr\u00edcio Marques; do Transporte e Desenvolvimento Urbano, Mosart Amaral; da Seguran\u00e7a P\u00fablica, Lima J\u00fanior; da Sa\u00fade, Alexandre Ayres; o secret\u00e1rio executivo da Educa\u00e7\u00e3o, Jos\u00e9 M\u00e1rcio; al\u00e9m da coordenadora da Governan\u00e7a Corporativa, Poliana Santana; e o deputado estadual Davi Maia, que coordena o processo de transi\u00e7\u00e3o administrativa da nova gest\u00e3o municipal.<\/p>\n<p>&nbsp;<\/p>\n<p><strong>Fonte: Ag\u00eancia Alagoas<\/strong><\/p>\n<p>&nbsp;<\/p>\n","protected":false},"excerpt":{"rendered":"<p>O governador de Alagoas, Renan Filho, e o prefeito eleito de Macei\u00f3, Jo\u00e3o Henrique Caldas (JHC), se reuniram, na manh\u00e3 desta sexta-feira (04), no Pal\u00e1cio Rep\u00fablica dos Palmares. Participaram do encontro secret\u00e1rios de Estado e membros da equipe de transi\u00e7\u00e3o administrativa da nova gest\u00e3o municipal. Eles discutiram projetos e obras para a capital, sobretudo nas &hellip;<\/p>\n","protected":false},"author":1,"featured_media":11180,"comment_status":"open","ping_status":"open","sticky":false,"template":"","format":"standard","meta":{"_jetpack_newsletter_access":"","_jetpack_dont_email_post_to_subs":false,"_jetpack_newsletter_tier_id":0,"_jetpack_memberships_contains_paywalled_content":false,"_jetpack_memberships_contains_paid_content":false,"footnotes":""},"categories":[1],"tags":[],"class_list":["post-11179","post","type-post","status-publish","format-standard","has-post-thumbnail","hentry","category-destaque"],"jetpack_sharing_enabled":true,"jetpack_featured_media_url":"","_links":{"self":[{"href":"https:\/\/www.oparanews.com.br\/index.php\/wp-json\/wp\/v2\/posts\/11179","targetHints":{"allow":["GET"]}}],"collection":[{"href":"https:\/\/www.oparanews.com.br\/index.php\/wp-json\/wp\/v2\/posts"}],"about":[{"href":"https:\/\/www.oparanews.com.br\/index.php\/wp-json\/wp\/v2\/types\/post"}],"author":[{"embeddable":true,"href":"https:\/\/www.oparanews.com.br\/index.php\/wp-json\/wp\/v2\/users\/1"}],"replies":[{"embeddable":true,"href":"https:\/\/www.oparanews.com.br\/index.php\/wp-json\/wp\/v2\/comments?post=11179"}],"version-history":[{"count":0,"href":"https:\/\/www.oparanews.com.br\/index.php\/wp-json\/wp\/v2\/posts\/11179\/revisions"}],"wp:attachment":[{"href":"https:\/\/www.oparanews.com.br\/index.php\/wp-json\/wp\/v2\/media?parent=11179"}],"wp:term":[{"taxonomy":"category","embeddable":true,"href":"https:\/\/www.oparanews.com.br\/index.php\/wp-json\/wp\/v2\/categories?post=11179"},{"taxonomy":"post_tag","embeddable":true,"href":"https:\/\/www.oparanews.com.br\/index.php\/wp-json\/wp\/v2\/tags?post=11179"}],"curies":[{"name":"wp","href":"https:\/\/api.w.org\/{rel}","templated":true}]}}