{"id":11182,"date":"2020-12-05T11:32:58","date_gmt":"2020-12-05T11:32:58","guid":{"rendered":"https:\/\/oparanews.com.br\/?p=11182"},"modified":"2020-12-05T11:32:58","modified_gmt":"2020-12-05T11:32:58","slug":"sobrevivente-fez-video-para-a-mae-apos-acidente-deus-cuidou-de-mim","status":"publish","type":"post","link":"https:\/\/www.oparanews.com.br\/index.php\/2020\/12\/05\/sobrevivente-fez-video-para-a-mae-apos-acidente-deus-cuidou-de-mim\/","title":{"rendered":"Sobrevivente fez v\u00eddeo para a m\u00e3e ap\u00f3s acidente: &#8216;Deus cuidou de mim&#8217;"},"content":{"rendered":"<p>A m\u00e3e de uma passageira que sobreviveu ao acidente com \u00f4nibus na BR-381 em Jo\u00e3o Monlevade, Minas Gerais, nesta sexta-feira (4), recebeu uma chamada de v\u00eddeo da filha. Mazy Cardozo contou ao G1 que Vit\u00f3ria Cardozo Caldas Silva, de 19 anos, saiu de Mata Grande, Sert\u00e3o de Alagoas, para encontrar o pai em S\u00e3o Paulo.<\/p>\n<p>Vit\u00f3ria tamb\u00e9m gravou uma mensagem de \u00e1udio em que tranquiliza a m\u00e3e. &#8220;M\u00e3e, eu estou bem, t\u00e1? Aconteceu um acidente e eu tive um corte na perna e a minha cabe\u00e7a bateu e est\u00e1 doendo, mas j\u00e1 me deram rem\u00e9dio, cuidaram bem de mim e eu estou bem, t\u00e1? Fica bem m\u00e3e, n\u00e3o fica preocupada comigo que est\u00e1 tudo bem. Deus cuidou de mim, voc\u00ea orou por mim e est\u00e1 tudo certo&#8221;, disse a jovem ferida.<\/p>\n<p>At\u00e9 o momento, o Corpo de Bombeiros confirmou 17 mortos e pelo menos 27 feridos no acidente.<\/p>\n<p>Mazy contou que a filha est\u00e1 com alguns ferimentos no rosto, mas j\u00e1 est\u00e1 medicada. &#8220;Ela est\u00e1 com o rostinho muito inchado, colete no pesco\u00e7o e muita dor de cabe\u00e7a. Mas j\u00e1 foi medicada&#8221;, disse a m\u00e3e, que contou ter ficado desesperada quando soube do acidente.<\/p>\n<p>Mazy disse que a filha embarcou no \u00f4nibus por volta de 9h de quinta-feira (3) no povoado Santa Cruz do Deserto, em Mata Grande. Ela contou ainda que toda semana a empresa faz esse percurso at\u00e9 S\u00e3o Paulo, com chegada prevista para o s\u00e1bado.<\/p>\n<p>A fam\u00edlia tem duas casas de aluguel em S\u00e3o Paulo, onde est\u00e3o o pai e os irm\u00e3os da sobrevivente. Vit\u00f3ria estava indo morar com eles.<\/p>\n<p>A assessoria de comunica\u00e7\u00e3o da Prefeitura de Mata Grande informou o munic\u00edpio est\u00e1 disponibilizando equipes de assist\u00eancia social, com psic\u00f3logos, para acompanhar os familiares das v\u00edtimas. Informou ainda que o gin\u00e1sio de esportes da cidade e uma escola do povoado Santa Cruz do Deserto est\u00e3o \u00e0 disposi\u00e7\u00e3o das fam\u00edlias que queiram fazer o vel\u00f3rio no local.<\/p>\n<p>&nbsp;<\/p>\n<p><strong>Fonte: G1\/AL<\/strong><\/p>\n<p>&nbsp;<\/p>\n","protected":false},"excerpt":{"rendered":"<p>A m\u00e3e de uma passageira que sobreviveu ao acidente com \u00f4nibus na BR-381 em Jo\u00e3o Monlevade, Minas Gerais, nesta sexta-feira (4), recebeu uma chamada de v\u00eddeo da filha. Mazy Cardozo contou ao G1 que Vit\u00f3ria Cardozo Caldas Silva, de 19 anos, saiu de Mata Grande, Sert\u00e3o de Alagoas, para encontrar o pai em S\u00e3o Paulo. &hellip;<\/p>\n","protected":false},"author":1,"featured_media":11183,"comment_status":"open","ping_status":"open","sticky":false,"template":"","format":"standard","meta":{"_jetpack_newsletter_access":"","_jetpack_dont_email_post_to_subs":false,"_jetpack_newsletter_tier_id":0,"_jetpack_memberships_contains_paywalled_content":false,"_jetpack_memberships_contains_paid_content":false,"footnotes":""},"categories":[1],"tags":[],"class_list":["post-11182","post","type-post","status-publish","format-standard","has-post-thumbnail","hentry","category-destaque"],"jetpack_sharing_enabled":true,"jetpack_featured_media_url":"","_links":{"self":[{"href":"https:\/\/www.oparanews.com.br\/index.php\/wp-json\/wp\/v2\/posts\/11182","targetHints":{"allow":["GET"]}}],"collection":[{"href":"https:\/\/www.oparanews.com.br\/index.php\/wp-json\/wp\/v2\/posts"}],"about":[{"href":"https:\/\/www.oparanews.com.br\/index.php\/wp-json\/wp\/v2\/types\/post"}],"author":[{"embeddable":true,"href":"https:\/\/www.oparanews.com.br\/index.php\/wp-json\/wp\/v2\/users\/1"}],"replies":[{"embeddable":true,"href":"https:\/\/www.oparanews.com.br\/index.php\/wp-json\/wp\/v2\/comments?post=11182"}],"version-history":[{"count":0,"href":"https:\/\/www.oparanews.com.br\/index.php\/wp-json\/wp\/v2\/posts\/11182\/revisions"}],"wp:attachment":[{"href":"https:\/\/www.oparanews.com.br\/index.php\/wp-json\/wp\/v2\/media?parent=11182"}],"wp:term":[{"taxonomy":"category","embeddable":true,"href":"https:\/\/www.oparanews.com.br\/index.php\/wp-json\/wp\/v2\/categories?post=11182"},{"taxonomy":"post_tag","embeddable":true,"href":"https:\/\/www.oparanews.com.br\/index.php\/wp-json\/wp\/v2\/tags?post=11182"}],"curies":[{"name":"wp","href":"https:\/\/api.w.org\/{rel}","templated":true}]}}