{"id":11191,"date":"2020-12-05T14:14:05","date_gmt":"2020-12-05T14:14:05","guid":{"rendered":"https:\/\/oparanews.com.br\/?p=11191"},"modified":"2020-12-05T14:14:05","modified_gmt":"2020-12-05T14:14:05","slug":"dani-calabresa-se-pronuncia-sobre-acusacao-assedio-de-melhem","status":"publish","type":"post","link":"https:\/\/www.oparanews.com.br\/index.php\/2020\/12\/05\/dani-calabresa-se-pronuncia-sobre-acusacao-assedio-de-melhem\/","title":{"rendered":"Dani Calabresa se pronuncia sobre acusa\u00e7\u00e3o ass\u00e9dio de Melhem"},"content":{"rendered":"<p>Dani Calabresa usou seu Instagram nesta sexta-feira, 4, para se pronunciar sobre as acusa\u00e7\u00f5es de ass\u00e9dio sexual e moral feitas ao ator, roteirista e ex-chefe do humor da Globo, Marcius Melhem.<\/p>\n<p>Desde dezembro de 2019, o nome de Dani Calabresa vinha sendo citado em reportagens sobre atrizes que teriam sido v\u00edtimas de Melhem. \u00c9 a primeira vez em que ela fala abertamente sobre o caso.<\/p>\n<p>&#8220;Nunca quis ser vista como uma mulher assediada, mas para recuperar minha sa\u00fade precisei me defender. Nunca procurei a imprensa. Tomei as medidas cab\u00edveis para conseguir ajuda&#8221;, afirmou.<\/p>\n<p>Na sequ\u00eancia, prosseguiu: &#8220;Tudo \u00e9 muito dif\u00edcil. D\u00e1 medo, vergonha, mas temos que lutar por respeito e Justi\u00e7a. N\u00e3o passar\u00e3o. Ass\u00e9dio \u00e9 crime!&#8221;<\/p>\n<p>Dani Calabresa ainda agradeceu \u00e0s mensagens de apoio, a Man\u00f4 Miklos e \u00e0 advogada Mayra Cotta, al\u00e9m de declarar sua gratid\u00e3o a Maria Clara Gueiros: &#8220;minha amiga do meio art\u00edstico que me apoiou desde o in\u00edcio&#8221;.<\/p>\n<p>&#8220;Toda minha solidariedade \u00e0s mulheres que passam por isso e t\u00eam medo de denunciar. \u00c9 impressionante a luta que uma mulher precisa travar para provar que \u00e9 v\u00edtima. Denunciem!&#8221;, concluiu.<\/p>\n<p><strong>Entenda as acusa\u00e7\u00f5es de ass\u00e9dio a Marcius Melhem<\/strong><\/p>\n<p>As primeiras den\u00fancias surgiram no fim de 2019, e foram negadas por Melhem. O nome de Dani Calabresa foi citado, ao lado do de Maria Clara Gueiros, entre as denunciantes, em postagem feita pelo jornalista Leo Dias na ocasi\u00e3o.<\/p>\n<p>Em mar\u00e7o de 2020, ele se afastou do comando do humor da emissora, e tamb\u00e9m de suas fun\u00e7\u00f5es como roteirista e ator, alegando a necessidade de acompanhar tratamento de sa\u00fade de sua filha.<\/p>\n<p>O per\u00edodo inicial de licen\u00e7a seria de quatro meses. Em vez de retornar, por\u00e9m, Marcius Melhem teve seu contrato com a emissora encerrado ap\u00f3s 17 anos. No comunicado final, a emissora destacou sua &#8220;importante contribui\u00e7\u00e3o para a renova\u00e7\u00e3o do humor&#8221; e n\u00e3o citou as acusa\u00e7\u00f5es de ass\u00e9dio, o que teria gerado insatisfa\u00e7\u00e3o em alguns artistas que acompanharam o caso internamente.<\/p>\n<p>Em 24 de outubro, uma reportagem da Folha, trouxe entrevista com a advogada Mayra Cotta, que assessora um grupo de artistas que endossam as acusa\u00e7\u00f5es contra Marcius Melhem. O nome de Dani Calabresa ainda n\u00e3o havia sido confirmado, at\u00e9 ent\u00e3o.<\/p>\n<p>&#8220;Houve um comportamento recorrente, de trancar mulheres em espa\u00e7os e as tentar agarrar, contra a vontade delas. De insistir e ficar mandando mensagem, inclusive de teor sexual, para mulheres que ele decidia se iam ser escaladas ou n\u00e3o para trabalhar, se ia ter cena ou n\u00e3o para elas. De prejudicar as carreiras de mulheres que o rejeitaram. De ficar obcecado, perseguindo, mesmo. Foi um constrangimento sistem\u00e1tico e insistente, muito recorrente&#8221;, relatou, \u00e0 \u00e9poca.<\/p>\n<p>Pouco depois, em seu Twitter, Marcius Melhem se manifestou publicamente sobre as acusa\u00e7\u00f5es pela primeira vez ( para ler a \u00edntegra). &#8220;Diante de acusa\u00e7\u00f5es t\u00e3o graves, que de forma alguma cometi, o que eu posso fazer? Negar. Coloco \u00e0 disposi\u00e7\u00e3o toda minha comunica\u00e7\u00e3o que tenho arquivada, com qualquer pessoa que tenha trabalhado ou se relacionado comigo nesses anos&#8221;, afirmou.<\/p>\n<p>&#8220;Mas, mesmo abra\u00e7ando profissionalmente a causa feminista, ainda combato o machismo dentro de mim, erro, posso ter rela\u00e7\u00f5es que magoem. Tento melhorar e aprender. E queria muito falar sobre isso&#8221;, disse, em outro momento.<\/p>\n<p>Nesta sexta-feira, 4, a revista Piau\u00ed publicou novos detalhes sobre o caso, ap\u00f3s ter colhido depoimentos de 43 pessoas, entre v\u00edtimas e testemunhas, muitas das quais na condi\u00e7\u00e3o de anonimato. Entre os relatos, h\u00e1 detalhes dos supostos ass\u00e9dios que teriam sido praticados por Melhem e relatados ao compliance da emissora, incluindo os feitos a Dani Calabresa.<\/p>\n<p>Tamb\u00e9m h\u00e1 relatos de medidas que teriam sido tomadas por funcion\u00e1rios da Globo em rela\u00e7\u00e3o \u00e0 situa\u00e7\u00e3o, como uma sugest\u00e3o de que Marcius Melhem fizesse terapia ap\u00f3s uma acusa\u00e7\u00e3o.<\/p>\n<p>&nbsp;<\/p>\n<p><strong>Fonte: Terra<\/strong><\/p>\n<p>&nbsp;<\/p>\n","protected":false},"excerpt":{"rendered":"<p>Dani Calabresa usou seu Instagram nesta sexta-feira, 4, para se pronunciar sobre as acusa\u00e7\u00f5es de ass\u00e9dio sexual e moral feitas ao ator, roteirista e ex-chefe do humor da Globo, Marcius Melhem. Desde dezembro de 2019, o nome de Dani Calabresa vinha sendo citado em reportagens sobre atrizes que teriam sido v\u00edtimas de Melhem. \u00c9 a &hellip;<\/p>\n","protected":false},"author":1,"featured_media":11192,"comment_status":"open","ping_status":"open","sticky":false,"template":"","format":"standard","meta":{"_jetpack_newsletter_access":"","_jetpack_dont_email_post_to_subs":false,"_jetpack_newsletter_tier_id":0,"_jetpack_memberships_contains_paywalled_content":false,"_jetpack_memberships_contains_paid_content":false,"footnotes":""},"categories":[1],"tags":[],"class_list":["post-11191","post","type-post","status-publish","format-standard","has-post-thumbnail","hentry","category-destaque"],"jetpack_sharing_enabled":true,"jetpack_featured_media_url":"","_links":{"self":[{"href":"https:\/\/www.oparanews.com.br\/index.php\/wp-json\/wp\/v2\/posts\/11191","targetHints":{"allow":["GET"]}}],"collection":[{"href":"https:\/\/www.oparanews.com.br\/index.php\/wp-json\/wp\/v2\/posts"}],"about":[{"href":"https:\/\/www.oparanews.com.br\/index.php\/wp-json\/wp\/v2\/types\/post"}],"author":[{"embeddable":true,"href":"https:\/\/www.oparanews.com.br\/index.php\/wp-json\/wp\/v2\/users\/1"}],"replies":[{"embeddable":true,"href":"https:\/\/www.oparanews.com.br\/index.php\/wp-json\/wp\/v2\/comments?post=11191"}],"version-history":[{"count":0,"href":"https:\/\/www.oparanews.com.br\/index.php\/wp-json\/wp\/v2\/posts\/11191\/revisions"}],"wp:attachment":[{"href":"https:\/\/www.oparanews.com.br\/index.php\/wp-json\/wp\/v2\/media?parent=11191"}],"wp:term":[{"taxonomy":"category","embeddable":true,"href":"https:\/\/www.oparanews.com.br\/index.php\/wp-json\/wp\/v2\/categories?post=11191"},{"taxonomy":"post_tag","embeddable":true,"href":"https:\/\/www.oparanews.com.br\/index.php\/wp-json\/wp\/v2\/tags?post=11191"}],"curies":[{"name":"wp","href":"https:\/\/api.w.org\/{rel}","templated":true}]}}