{"id":11197,"date":"2020-12-06T21:20:14","date_gmt":"2020-12-06T21:20:14","guid":{"rendered":"https:\/\/oparanews.com.br\/?p=11197"},"modified":"2020-12-06T21:20:14","modified_gmt":"2020-12-06T21:20:14","slug":"alagoas-confirma-mais-332-casos-e-tres-mortes-por-covid-19","status":"publish","type":"post","link":"https:\/\/www.oparanews.com.br\/index.php\/2020\/12\/06\/alagoas-confirma-mais-332-casos-e-tres-mortes-por-covid-19\/","title":{"rendered":"Alagoas confirma mais 332 casos e tr\u00eas mortes por Covid-19"},"content":{"rendered":"<p>Alagoas confirmou mais 332 casos e tr\u00eas mortes pela Covid-19 nas \u00faltimas 24 horas. Os n\u00fameros foram divulgados neste domingo (6) pela Secretaria de Estado da Sa\u00fade (Sesau). Os novos registros fizeram o n\u00famero de pessoas que tiveram a doen\u00e7a confirmada subir para 96.632 e o de mortes para 2.354.<\/p>\n<p>De acordo com o boletim epidemiol\u00f3gico, 1.667 pessoas em Alagoas est\u00e3o em isolamento domiciliar.<\/p>\n<p>H\u00e1 4.681 casos em investiga\u00e7\u00e3o laboratorial. Das pessoas que foram contaminadas, 92.429 j\u00e1 se recuperaram da doen\u00e7a.<\/p>\n<p>Das tr\u00eas mortes registradas, uma era de paciente que morava em Macei\u00f3, as outras duas do interior do estado.<\/p>\n<p><strong>Leitos de Covid-19<\/strong><\/p>\n<p>O boletim de ocupa\u00e7\u00e3o de leitos para Covid-19 mostrou que 35% estavam ocupados at\u00e9 o s\u00e1bado (5). Ao considerar somente os leitos de UTI, 47% estavam ocupados.<\/p>\n<p><strong>Mais tr\u00eas mortes por Covid-19<\/strong><\/p>\n<p>Macei\u00f3: homem, 70 anos \u2013 sem comorbidades<br \/>\nPilar: homem, 83 anos \u2013 hipertenso<br \/>\nTeot\u00f4nio Vilela: homem, 64 anos \u2013 diab\u00e9tico e hipertenso<\/p>\n<p>&nbsp;<\/p>\n<p><strong>Fonte: G1\/AL<\/strong><\/p>\n<p>&nbsp;<\/p>\n","protected":false},"excerpt":{"rendered":"<p>Alagoas confirmou mais 332 casos e tr\u00eas mortes pela Covid-19 nas \u00faltimas 24 horas. Os n\u00fameros foram divulgados neste domingo (6) pela Secretaria de Estado da Sa\u00fade (Sesau). Os novos registros fizeram o n\u00famero de pessoas que tiveram a doen\u00e7a confirmada subir para 96.632 e o de mortes para 2.354. De acordo com o boletim &hellip;<\/p>\n","protected":false},"author":1,"featured_media":7828,"comment_status":"open","ping_status":"open","sticky":false,"template":"","format":"standard","meta":{"_jetpack_newsletter_access":"","_jetpack_dont_email_post_to_subs":false,"_jetpack_newsletter_tier_id":0,"_jetpack_memberships_contains_paywalled_content":false,"_jetpack_memberships_contains_paid_content":false,"footnotes":""},"categories":[1],"tags":[],"class_list":["post-11197","post","type-post","status-publish","format-standard","has-post-thumbnail","hentry","category-destaque"],"jetpack_sharing_enabled":true,"jetpack_featured_media_url":"","_links":{"self":[{"href":"https:\/\/www.oparanews.com.br\/index.php\/wp-json\/wp\/v2\/posts\/11197","targetHints":{"allow":["GET"]}}],"collection":[{"href":"https:\/\/www.oparanews.com.br\/index.php\/wp-json\/wp\/v2\/posts"}],"about":[{"href":"https:\/\/www.oparanews.com.br\/index.php\/wp-json\/wp\/v2\/types\/post"}],"author":[{"embeddable":true,"href":"https:\/\/www.oparanews.com.br\/index.php\/wp-json\/wp\/v2\/users\/1"}],"replies":[{"embeddable":true,"href":"https:\/\/www.oparanews.com.br\/index.php\/wp-json\/wp\/v2\/comments?post=11197"}],"version-history":[{"count":0,"href":"https:\/\/www.oparanews.com.br\/index.php\/wp-json\/wp\/v2\/posts\/11197\/revisions"}],"wp:attachment":[{"href":"https:\/\/www.oparanews.com.br\/index.php\/wp-json\/wp\/v2\/media?parent=11197"}],"wp:term":[{"taxonomy":"category","embeddable":true,"href":"https:\/\/www.oparanews.com.br\/index.php\/wp-json\/wp\/v2\/categories?post=11197"},{"taxonomy":"post_tag","embeddable":true,"href":"https:\/\/www.oparanews.com.br\/index.php\/wp-json\/wp\/v2\/tags?post=11197"}],"curies":[{"name":"wp","href":"https:\/\/api.w.org\/{rel}","templated":true}]}}