{"id":11232,"date":"2020-12-07T20:02:56","date_gmt":"2020-12-07T20:02:56","guid":{"rendered":"https:\/\/oparanews.com.br\/?p=11232"},"modified":"2020-12-07T20:02:56","modified_gmt":"2020-12-07T20:02:56","slug":"merendeira-da-semed-penedo-e-premiada-em-concurso-estadual","status":"publish","type":"post","link":"https:\/\/www.oparanews.com.br\/index.php\/2020\/12\/07\/merendeira-da-semed-penedo-e-premiada-em-concurso-estadual\/","title":{"rendered":"Merendeira da Semed Penedo \u00e9 premiada em concurso estadual"},"content":{"rendered":"<p>O trabalho desenvolvido pela Prefeitura de Penedo com objetivo de ofertar alimenta\u00e7\u00e3o saud\u00e1vel para estudantes da rede p\u00fablica levou uma das merendeiras da Secretaria Municipal de Educa\u00e7\u00e3o (Semed) a ser premiada em concurso de n\u00edvel estadual.<\/p>\n<p>Com ingredientes dispon\u00edveis entre os itens produzidos na agricultura familiar penedense, Ana Cristina da Silva preparou um escondidinho de charque feito com ab\u00f3bora, acompanhado por farofa de banana.<\/p>\n<p>A receita foi a terceira colocada entre as finalistas do 2\u00ba Concurso de Merendeiras. A etapa final da iniciativa do Sebrae realizada em parceria com o Senac e os dez munic\u00edpios do projeto Cidade Empreendedora ocorreu neste domingo, 05, em Macei\u00f3.<\/p>\n<p><strong>Marcius Beltr\u00e3o<\/strong><\/p>\n<p>O Prefeito Marcius Beltr\u00e3o enalteceu mais um \u00eaxito de sua gest\u00e3o, governo que adota o projeto Horta Escolar e que, entre outros avan\u00e7os, melhorou o IDEB do munic\u00edpio, com incentivo financeiro \u00e0s escolas que mais evolu\u00edram no \u00edndice; aumentou a frota escolar, inclusive com ve\u00edculo adaptado para portadores de defici\u00eancia; recuperou e ampliou unidades de ensino; e est\u00e1 construindo escolas, gin\u00e1sios poliesportivos e um Complexo Esportivo Municipal, um legado de conquistas e obras para a Prefeitura de Penedo.<\/p>\n<p>\u201cQuando o trabalho \u00e9 realizado em conjunto, os resultados aparecem para o bem de todos. Em nome da merendeira Ana Cristina da Silva, parabenizo todos os servidores da Educa\u00e7\u00e3o de Penedo. Sucesso para todos!! Voc\u00eas s\u00e3o sensacionais, cuidando com muito carinho das nossas crian\u00e7as\u201d, escreveu Marcius Beltr\u00e3o em suas redes sociais.<\/p>\n<p>Al\u00e9m de saboroso, o prato de alto valor nutricional criado pela servidora da Escola Municipal Hanna Bertholet, sob orienta\u00e7\u00e3o das nutricionistas da Semed Penedo, rendeu o pr\u00eamio de mil reais para Ana Cristina.<\/p>\n<p>A merendeira j\u00e1 tinha conquistado R$ 500,00 com a primeira coloca\u00e7\u00e3o na fase municipal do concurso, sele\u00e7\u00e3o realizada entre 12 receitas de pratos que precisam ser feitos com alimentos naturais, com o m\u00ednimo de processamento industrial, e fornecidos por produtores rurais que trabalham em sistema de agricultura familiar.<\/p>\n<p>\u201cO momento \u00e9 de parabenizar e agradecer a todas as merendeiras que participaram brilhantemente do concurso e a dedica\u00e7\u00e3o de nosso setor de alimenta\u00e7\u00e3o escolar. Tamb\u00e9m agradecemos ao Sebrae pela parceria, ao Vice-Prefeito Ronaldo Lopes e ao Prefeito Marcius Beltr\u00e3o por nos dar todo o apoio para desenvolver o melhor trabalho poss\u00edvel para nossa comunidade\u201d, destacou a Secret\u00e1ria C\u00edntya Alves.<\/p>\n<p>&nbsp;<\/p>\n<p><strong>Por Fernando Vin\u00edcius \u2013Decom PMP<\/strong><\/p>\n<p>&nbsp;<\/p>\n","protected":false},"excerpt":{"rendered":"<p>O trabalho desenvolvido pela Prefeitura de Penedo com objetivo de ofertar alimenta\u00e7\u00e3o saud\u00e1vel para estudantes da rede p\u00fablica levou uma das merendeiras da Secretaria Municipal de Educa\u00e7\u00e3o (Semed) a ser premiada em concurso de n\u00edvel estadual. Com ingredientes dispon\u00edveis entre os itens produzidos na agricultura familiar penedense, Ana Cristina da Silva preparou um escondidinho de &hellip;<\/p>\n","protected":false},"author":1,"featured_media":11233,"comment_status":"open","ping_status":"open","sticky":false,"template":"","format":"standard","meta":{"_jetpack_newsletter_access":"","_jetpack_dont_email_post_to_subs":false,"_jetpack_newsletter_tier_id":0,"_jetpack_memberships_contains_paywalled_content":false,"_jetpack_memberships_contains_paid_content":false,"footnotes":""},"categories":[1],"tags":[],"class_list":["post-11232","post","type-post","status-publish","format-standard","has-post-thumbnail","hentry","category-destaque"],"jetpack_sharing_enabled":true,"jetpack_featured_media_url":"","_links":{"self":[{"href":"https:\/\/www.oparanews.com.br\/index.php\/wp-json\/wp\/v2\/posts\/11232","targetHints":{"allow":["GET"]}}],"collection":[{"href":"https:\/\/www.oparanews.com.br\/index.php\/wp-json\/wp\/v2\/posts"}],"about":[{"href":"https:\/\/www.oparanews.com.br\/index.php\/wp-json\/wp\/v2\/types\/post"}],"author":[{"embeddable":true,"href":"https:\/\/www.oparanews.com.br\/index.php\/wp-json\/wp\/v2\/users\/1"}],"replies":[{"embeddable":true,"href":"https:\/\/www.oparanews.com.br\/index.php\/wp-json\/wp\/v2\/comments?post=11232"}],"version-history":[{"count":0,"href":"https:\/\/www.oparanews.com.br\/index.php\/wp-json\/wp\/v2\/posts\/11232\/revisions"}],"wp:attachment":[{"href":"https:\/\/www.oparanews.com.br\/index.php\/wp-json\/wp\/v2\/media?parent=11232"}],"wp:term":[{"taxonomy":"category","embeddable":true,"href":"https:\/\/www.oparanews.com.br\/index.php\/wp-json\/wp\/v2\/categories?post=11232"},{"taxonomy":"post_tag","embeddable":true,"href":"https:\/\/www.oparanews.com.br\/index.php\/wp-json\/wp\/v2\/tags?post=11232"}],"curies":[{"name":"wp","href":"https:\/\/api.w.org\/{rel}","templated":true}]}}