{"id":11235,"date":"2020-12-07T20:05:10","date_gmt":"2020-12-07T20:05:10","guid":{"rendered":"https:\/\/oparanews.com.br\/?p=11235"},"modified":"2020-12-07T20:05:10","modified_gmt":"2020-12-07T20:05:10","slug":"prefeitura-de-penedo-e-ifal-ampliam-a-educacao-para-jovens-e-adultos-eja","status":"publish","type":"post","link":"https:\/\/www.oparanews.com.br\/index.php\/2020\/12\/07\/prefeitura-de-penedo-e-ifal-ampliam-a-educacao-para-jovens-e-adultos-eja\/","title":{"rendered":"Prefeitura de Penedo e Ifal ampliam a Educa\u00e7\u00e3o para Jovens e Adultos (EJA)"},"content":{"rendered":"<p>Quem est\u00e1 concluindo o Ensino Fundamental por meio do programa EJA (Educa\u00e7\u00e3o para Jovens e Adultos) em escolas da Prefeitura de Penedo poder\u00e1 fazer o Ensino M\u00e9dio, junto com um curso profissionalizante, no Instituto Federal de Alagoas (Ifal).<\/p>\n<p>O avan\u00e7o em educa\u00e7\u00e3o b\u00e1sica e profissional \u00e9 resultado do acordo de coopera\u00e7\u00e3o firmado entre os governos federal e municipal que efetiva, em Penedo, o Proeja (Programa Nacional de Integra\u00e7\u00e3o da Educa\u00e7\u00e3o Profissional com a Educa\u00e7\u00e3o B\u00e1sica).<\/p>\n<p><strong>Parceria<\/strong><\/p>\n<p>A princ\u00edpio, a parceria atender\u00e1 estudantes da Educa\u00e7\u00e3o para Jovens e Adultos matriculados na Escola Municipal Vereador Manoel Soares de Melo. A escolha \u00e9 consequ\u00eancia da disponibilidade do p\u00fablico a ser atendido, ou seja, concluintes da \u00faltima etapa da EJA para o Ensino Fundamental.<\/p>\n<p>Em 2020, a Secretaria Municipal de Educa\u00e7\u00e3o (Semed) matriculou 284 pessoas na EJA na EMEB Vereador Manoel Soares de Melo, unidade que concentra a oferta na cidade. Na zona rural, a EJA acontece na Escola Hanna Bertholet. As duas disponibilizam todas as etapas do programa, da alfabetiza\u00e7\u00e3o at\u00e9 a conclus\u00e3o do Ensino Fundamental.<\/p>\n<p>Al\u00e9m disso, estudantes da modalidade Educa\u00e7\u00e3o Especial cursam EJA na Escola Municipal Maria Helena de Carvalho, oferta que comprova o trabalho de inclus\u00e3o social desenvolvido pela Semed Penedo.<\/p>\n<p>A Secret\u00e1ria Municipal de Educa\u00e7\u00e3o, C\u00edntya Alves, destacou na divulga\u00e7\u00e3o do acordo pelo Ifal o fato de Penedo ter sido um dos oito munic\u00edpios contemplados com o Proeja, em Alagoas, ampliando os horizontes de jovens e adultos que n\u00e3o tiveram acesso \u00e0 educa\u00e7\u00e3o b\u00e1sica em idade regular ou que, por diferentes raz\u00f5es, abandonaram a escola.<\/p>\n<p><strong>Coopera\u00e7\u00e3o<\/strong><\/p>\n<p>\u201cVemos nesse acordo de coopera\u00e7\u00e3o m\u00fatua mais uma oportunidade de estreitar os la\u00e7os com o Ifal, trabalhar em parceria e trocar experi\u00eancias para o fortalecimento da EJA no munic\u00edpio. Tenho certeza de que ser\u00e1 uma \u00f3tima experi\u00eancia\u201d, declarou C\u00edntya Alves para a assessoria do Ifal Penedo.<\/p>\n<p>O acordo de coopera\u00e7\u00e3o entre prefeitura e instituto federal prev\u00ea um ano para o desenvolvimento do curso, sendo prorrog\u00e1vel por mais um ano, caso seja do interesse da Prefeitura de Penedo e do Ifal.<\/p>\n<p>&nbsp;<\/p>\n<p><strong>Por Fernando Vin\u00edcius \u2013Decom PMP<\/strong><\/p>\n<p>&nbsp;<\/p>\n","protected":false},"excerpt":{"rendered":"<p>Quem est\u00e1 concluindo o Ensino Fundamental por meio do programa EJA (Educa\u00e7\u00e3o para Jovens e Adultos) em escolas da Prefeitura de Penedo poder\u00e1 fazer o Ensino M\u00e9dio, junto com um curso profissionalizante, no Instituto Federal de Alagoas (Ifal). O avan\u00e7o em educa\u00e7\u00e3o b\u00e1sica e profissional \u00e9 resultado do acordo de coopera\u00e7\u00e3o firmado entre os governos &hellip;<\/p>\n","protected":false},"author":1,"featured_media":11236,"comment_status":"open","ping_status":"open","sticky":false,"template":"","format":"standard","meta":{"_jetpack_newsletter_access":"","_jetpack_dont_email_post_to_subs":false,"_jetpack_newsletter_tier_id":0,"_jetpack_memberships_contains_paywalled_content":false,"_jetpack_memberships_contains_paid_content":false,"footnotes":""},"categories":[1],"tags":[],"class_list":["post-11235","post","type-post","status-publish","format-standard","has-post-thumbnail","hentry","category-destaque"],"jetpack_sharing_enabled":true,"jetpack_featured_media_url":"","_links":{"self":[{"href":"https:\/\/www.oparanews.com.br\/index.php\/wp-json\/wp\/v2\/posts\/11235","targetHints":{"allow":["GET"]}}],"collection":[{"href":"https:\/\/www.oparanews.com.br\/index.php\/wp-json\/wp\/v2\/posts"}],"about":[{"href":"https:\/\/www.oparanews.com.br\/index.php\/wp-json\/wp\/v2\/types\/post"}],"author":[{"embeddable":true,"href":"https:\/\/www.oparanews.com.br\/index.php\/wp-json\/wp\/v2\/users\/1"}],"replies":[{"embeddable":true,"href":"https:\/\/www.oparanews.com.br\/index.php\/wp-json\/wp\/v2\/comments?post=11235"}],"version-history":[{"count":0,"href":"https:\/\/www.oparanews.com.br\/index.php\/wp-json\/wp\/v2\/posts\/11235\/revisions"}],"wp:attachment":[{"href":"https:\/\/www.oparanews.com.br\/index.php\/wp-json\/wp\/v2\/media?parent=11235"}],"wp:term":[{"taxonomy":"category","embeddable":true,"href":"https:\/\/www.oparanews.com.br\/index.php\/wp-json\/wp\/v2\/categories?post=11235"},{"taxonomy":"post_tag","embeddable":true,"href":"https:\/\/www.oparanews.com.br\/index.php\/wp-json\/wp\/v2\/tags?post=11235"}],"curies":[{"name":"wp","href":"https:\/\/api.w.org\/{rel}","templated":true}]}}