{"id":11242,"date":"2020-12-08T12:37:11","date_gmt":"2020-12-08T12:37:11","guid":{"rendered":"https:\/\/oparanews.com.br\/?p=11242"},"modified":"2020-12-08T12:37:11","modified_gmt":"2020-12-08T12:37:11","slug":"vitimas-de-acidente-com-onibus-em-mg-sao-enterradas-em-alagoas","status":"publish","type":"post","link":"https:\/\/www.oparanews.com.br\/index.php\/2020\/12\/08\/vitimas-de-acidente-com-onibus-em-mg-sao-enterradas-em-alagoas\/","title":{"rendered":"V\u00edtimas de acidente com \u00f4nibus em MG s\u00e3o enterradas em Alagoas"},"content":{"rendered":"<p>Sob forte como\u00e7\u00e3o, os corpos dos alagoanos v\u00edtimas da queda do \u00f4nibus de um viaduto de mais de 30 metros na BR-381 em Jo\u00e3o Monlevade, Minas Gerais, s\u00e3o enterrados nesta ter\u00e7a-feira (8). Dos 19 corpos, 14 foram levados para Alagoas, nas cidades de Mata Grande, \u00c1gua Branca, Delmiro Gouveia e Pariconha.<\/p>\n<p>Os corpos de Marcondes Teixeira de Lima, Amanda Lima Rodrigues, Izabel Cristina Melo Lima e C\u00edcero de Oliveira Lima foram velados em cerim\u00f4nia coletiva no gin\u00e1sio da cidade de \u00c1gua Branca (AL), onde foi celebrada uma missa. Parentes e amigos fizeram um cortejo at\u00e9 o cemit\u00e9rio.<\/p>\n<p>Uma equipe da secretaria de Sa\u00fade do munic\u00edpio fez o controle na entrada do gin\u00e1sio para evitar aglomera\u00e7\u00e3o e exigir o uso de m\u00e1scaras.<\/p>\n<p>Em Delmiro Gouveia (AL), na noite de segunda-feira (7), ocorreu o sepultamento de Joelson Queiroz dos Santos. Ele tinha 57 anos e era pedreiro. Na manh\u00e3 de ter\u00e7a, foram enterrados Jos\u00e9 Ricardo da Silva e Grazy Lima. Os enterros ocorrem no Cemit\u00e9rio Adonias Mafra de Queiroz.<\/p>\n<p>Quatro corpos foram levados para S\u00e3o Paulo pela pol\u00edcia e um outro foi retirado do Instituto M\u00e9dico Legal (IML) Andr\u00e9 Roquete, em Belo Horizonte, pela pr\u00f3pria fam\u00edlia.<\/p>\n<p><a href=\"https:\/\/oparanews.com.br\/wp-content\/uploads\/2020\/12\/Sem-t\u00edtulo-62.jpg\"><img loading=\"lazy\" decoding=\"async\" class=\"aligncenter size-full wp-image-11244\" src=\"https:\/\/oparanews.com.br\/wp-content\/uploads\/2020\/12\/Sem-t\u00edtulo-62.jpg\" alt=\"\" width=\"1000\" height=\"563\" \/><\/a><\/p>\n<p>O \u00f4nibus da empresa Localima Turismo saiu de um povoado na zona rural de Mata Grande, em Alagoas, na manh\u00e3 de quinta-feira (3) e ia para S\u00e3o Paulo (SP). A principal suspeita da causa do acidente \u00e9 de falha no freio do ve\u00edculo. Al\u00e9m dos 19 mortos, 27 pessoas ficaram feridas. O motorista sobreviveu ao pular do coletivo e nesta segunda (7) se apresentou \u00e0 pol\u00edcia para prestar depoimento.<\/p>\n<p>De acordo com o Departamento de Estradas de Rodagem de Minas Gerais (DER-MG), o ve\u00edculo envolvido no acidente j\u00e1 foi autuado seis vezes em estradas que passam por Minas Gerais.<\/p>\n<p>&nbsp;<\/p>\n<p><strong>Fonte: G1\/AL<\/strong><\/p>\n<p>&nbsp;<\/p>\n","protected":false},"excerpt":{"rendered":"<p>Sob forte como\u00e7\u00e3o, os corpos dos alagoanos v\u00edtimas da queda do \u00f4nibus de um viaduto de mais de 30 metros na BR-381 em Jo\u00e3o Monlevade, Minas Gerais, s\u00e3o enterrados nesta ter\u00e7a-feira (8). Dos 19 corpos, 14 foram levados para Alagoas, nas cidades de Mata Grande, \u00c1gua Branca, Delmiro Gouveia e Pariconha. Os corpos de Marcondes &hellip;<\/p>\n","protected":false},"author":1,"featured_media":11243,"comment_status":"open","ping_status":"open","sticky":false,"template":"","format":"standard","meta":{"_jetpack_newsletter_access":"","_jetpack_dont_email_post_to_subs":false,"_jetpack_newsletter_tier_id":0,"_jetpack_memberships_contains_paywalled_content":false,"_jetpack_memberships_contains_paid_content":false,"footnotes":""},"categories":[1],"tags":[],"class_list":["post-11242","post","type-post","status-publish","format-standard","has-post-thumbnail","hentry","category-destaque"],"jetpack_sharing_enabled":true,"jetpack_featured_media_url":"","_links":{"self":[{"href":"https:\/\/www.oparanews.com.br\/index.php\/wp-json\/wp\/v2\/posts\/11242","targetHints":{"allow":["GET"]}}],"collection":[{"href":"https:\/\/www.oparanews.com.br\/index.php\/wp-json\/wp\/v2\/posts"}],"about":[{"href":"https:\/\/www.oparanews.com.br\/index.php\/wp-json\/wp\/v2\/types\/post"}],"author":[{"embeddable":true,"href":"https:\/\/www.oparanews.com.br\/index.php\/wp-json\/wp\/v2\/users\/1"}],"replies":[{"embeddable":true,"href":"https:\/\/www.oparanews.com.br\/index.php\/wp-json\/wp\/v2\/comments?post=11242"}],"version-history":[{"count":0,"href":"https:\/\/www.oparanews.com.br\/index.php\/wp-json\/wp\/v2\/posts\/11242\/revisions"}],"wp:attachment":[{"href":"https:\/\/www.oparanews.com.br\/index.php\/wp-json\/wp\/v2\/media?parent=11242"}],"wp:term":[{"taxonomy":"category","embeddable":true,"href":"https:\/\/www.oparanews.com.br\/index.php\/wp-json\/wp\/v2\/categories?post=11242"},{"taxonomy":"post_tag","embeddable":true,"href":"https:\/\/www.oparanews.com.br\/index.php\/wp-json\/wp\/v2\/tags?post=11242"}],"curies":[{"name":"wp","href":"https:\/\/api.w.org\/{rel}","templated":true}]}}