{"id":11249,"date":"2020-12-08T14:18:52","date_gmt":"2020-12-08T14:18:52","guid":{"rendered":"https:\/\/oparanews.com.br\/?p=11249"},"modified":"2020-12-08T14:18:52","modified_gmt":"2020-12-08T14:18:52","slug":"kim-emmanuel-sera-o-novo-coordenador-de-comunicacao-de-penedo-a-partir-de-janeiro","status":"publish","type":"post","link":"https:\/\/www.oparanews.com.br\/index.php\/2020\/12\/08\/kim-emmanuel-sera-o-novo-coordenador-de-comunicacao-de-penedo-a-partir-de-janeiro\/","title":{"rendered":"Kim Emmanuel ser\u00e1 o novo Coordenador de Comunica\u00e7\u00e3o de Penedo a partir de Janeiro"},"content":{"rendered":"<p>O prefeito eleito do munic\u00edpio de Penedo nas elei\u00e7\u00f5es deste ano, Ronaldo Lopes (MDB), em entrevista concedida no Programa Lance Livre da R\u00e1dio Penedo FM, nesta ter\u00e7a-feira, 08, anunciou tr\u00eas nomes que ir\u00e3o compor seu governo a partir do dia 1\u00ba de janeiro de 2021.<\/p>\n<p>A Secretaria de Planejamento e Gest\u00e3o continuar\u00e1 com o atual secret\u00e1rio Luciano Barros Lucena. A Secretaria da Fazenda, onde compete a Administra\u00e7\u00e3o e Finan\u00e7as, ficar\u00e1 a cargo de Luiz Alberto Nogueira Moreira (Bel). J\u00e1 a Coordena\u00e7\u00e3o de Comunica\u00e7\u00e3o que hoje \u00e9 comandada pela radialista Marta M\u00e1rthires, a partir de Janeiro de 2021 ter\u00e1 a frente o jovem e competente Kim Emmanuel.<\/p>\n<p>Kim Emmanuel \u00e9 filho da Dr.\u00aa Margarida e Everaldo, e h\u00e1 anos vem desenvolvendo um trabalho de Design Gr\u00e1fico para a Prefeitura Municipal de Penedo, na gest\u00e3o do atual prefeito Marcius Beltr\u00e3o, e tamb\u00e9m na R\u00e1dio Penedo FM. A classe comunicativa de Penedo acredito que v\u00ea com bons olhos esse an\u00fancio, haja visto, que Kim tem uma boa rela\u00e7\u00e3o com todos que fazem imprensa em Penedo.<\/p>\n<p>&nbsp;<\/p>\n<p><strong>por Reda\u00e7\u00e3o<\/strong><\/p>\n","protected":false},"excerpt":{"rendered":"<p>O prefeito eleito do munic\u00edpio de Penedo nas elei\u00e7\u00f5es deste ano, Ronaldo Lopes (MDB), em entrevista concedida no Programa Lance Livre da R\u00e1dio Penedo FM, nesta ter\u00e7a-feira, 08, anunciou tr\u00eas nomes que ir\u00e3o compor seu governo a partir do dia 1\u00ba de janeiro de 2021. A Secretaria de Planejamento e Gest\u00e3o continuar\u00e1 com o atual &hellip;<\/p>\n","protected":false},"author":1,"featured_media":11250,"comment_status":"open","ping_status":"open","sticky":false,"template":"","format":"standard","meta":{"_jetpack_newsletter_access":"","_jetpack_dont_email_post_to_subs":false,"_jetpack_newsletter_tier_id":0,"_jetpack_memberships_contains_paywalled_content":false,"_jetpack_memberships_contains_paid_content":false,"footnotes":""},"categories":[1],"tags":[],"class_list":["post-11249","post","type-post","status-publish","format-standard","has-post-thumbnail","hentry","category-destaque"],"jetpack_sharing_enabled":true,"jetpack_featured_media_url":"","_links":{"self":[{"href":"https:\/\/www.oparanews.com.br\/index.php\/wp-json\/wp\/v2\/posts\/11249","targetHints":{"allow":["GET"]}}],"collection":[{"href":"https:\/\/www.oparanews.com.br\/index.php\/wp-json\/wp\/v2\/posts"}],"about":[{"href":"https:\/\/www.oparanews.com.br\/index.php\/wp-json\/wp\/v2\/types\/post"}],"author":[{"embeddable":true,"href":"https:\/\/www.oparanews.com.br\/index.php\/wp-json\/wp\/v2\/users\/1"}],"replies":[{"embeddable":true,"href":"https:\/\/www.oparanews.com.br\/index.php\/wp-json\/wp\/v2\/comments?post=11249"}],"version-history":[{"count":0,"href":"https:\/\/www.oparanews.com.br\/index.php\/wp-json\/wp\/v2\/posts\/11249\/revisions"}],"wp:attachment":[{"href":"https:\/\/www.oparanews.com.br\/index.php\/wp-json\/wp\/v2\/media?parent=11249"}],"wp:term":[{"taxonomy":"category","embeddable":true,"href":"https:\/\/www.oparanews.com.br\/index.php\/wp-json\/wp\/v2\/categories?post=11249"},{"taxonomy":"post_tag","embeddable":true,"href":"https:\/\/www.oparanews.com.br\/index.php\/wp-json\/wp\/v2\/tags?post=11249"}],"curies":[{"name":"wp","href":"https:\/\/api.w.org\/{rel}","templated":true}]}}