{"id":11252,"date":"2020-12-09T01:37:56","date_gmt":"2020-12-09T01:37:56","guid":{"rendered":"https:\/\/oparanews.com.br\/?p=11252"},"modified":"2020-12-09T01:37:56","modified_gmt":"2020-12-09T01:37:56","slug":"alagoas-confirma-189-novos-casos-e-mais-3-mortes-por-covid-19","status":"publish","type":"post","link":"https:\/\/www.oparanews.com.br\/index.php\/2020\/12\/09\/alagoas-confirma-189-novos-casos-e-mais-3-mortes-por-covid-19\/","title":{"rendered":"Alagoas confirma 189 novos casos e mais 3 mortes por Covid-19"},"content":{"rendered":"<p>Alagoas confirmou 189 novos casos e mais tr\u00eas mortes por Covid-19, segundo o boletim epidemiol\u00f3gico divulgado nesta ter\u00e7a-feira (8) pela Secretaria de Estado da Sa\u00fade (Sesau).<\/p>\n<p>Desde o in\u00edcio da pandemia, o estado registrou 96.973 infectadas pelo novo coronav\u00edrus e 2.360 \u00f3bitos.<\/p>\n<p>O n\u00famero de casos suspeitos em todo o estado subiu para h\u00e1 5.037. S\u00e3o pessoas que fizeram exames para Covid-19 e ainda aguardam resultado.<\/p>\n<p>O total de pacientes que se recuperaram da doen\u00e7a est\u00e1 em 92.826.<\/p>\n<p>At\u00e9 a noite de segunda (7), a taxa geral de ocupa\u00e7\u00e3o de leitos para pacientes com confirma\u00e7\u00e3o ou suspeita de infec\u00e7\u00e3o pelo novo coronav\u00edrus estava em 36%. A taxa de ocupa\u00e7\u00e3o de leitos de UTI estava em 47%.<\/p>\n<p>Mais tr\u00eas mortes por Covid-19<\/p>\n<p>Macei\u00f3: 08\/12 Homem, 56 anos \u2013 diab\u00e9tico e card\u00edaco cr\u00f4nico<br \/>\nTaquarana: 08\/12 Homem, 86 anos \u2013 sem comorbidades<br \/>\nS\u00e3o Jos\u00e9 da Laje: 08\/12 Homem, 81 anos \u2013 renal cr\u00f4nico e hiperplasia prost\u00e1tica benigna (aumento da gl\u00e2ndula da pr\u00f3stata)<\/p>\n<p>&nbsp;<\/p>\n<p><strong>Fonte: G1\/AL<\/strong><\/p>\n<p>&nbsp;<\/p>\n","protected":false},"excerpt":{"rendered":"<p>Alagoas confirmou 189 novos casos e mais tr\u00eas mortes por Covid-19, segundo o boletim epidemiol\u00f3gico divulgado nesta ter\u00e7a-feira (8) pela Secretaria de Estado da Sa\u00fade (Sesau). Desde o in\u00edcio da pandemia, o estado registrou 96.973 infectadas pelo novo coronav\u00edrus e 2.360 \u00f3bitos. O n\u00famero de casos suspeitos em todo o estado subiu para h\u00e1 5.037. &hellip;<\/p>\n","protected":false},"author":1,"featured_media":5814,"comment_status":"open","ping_status":"open","sticky":false,"template":"","format":"standard","meta":{"_jetpack_newsletter_access":"","_jetpack_dont_email_post_to_subs":false,"_jetpack_newsletter_tier_id":0,"_jetpack_memberships_contains_paywalled_content":false,"_jetpack_memberships_contains_paid_content":false,"footnotes":""},"categories":[1],"tags":[],"class_list":["post-11252","post","type-post","status-publish","format-standard","has-post-thumbnail","hentry","category-destaque"],"jetpack_sharing_enabled":true,"jetpack_featured_media_url":"","_links":{"self":[{"href":"https:\/\/www.oparanews.com.br\/index.php\/wp-json\/wp\/v2\/posts\/11252","targetHints":{"allow":["GET"]}}],"collection":[{"href":"https:\/\/www.oparanews.com.br\/index.php\/wp-json\/wp\/v2\/posts"}],"about":[{"href":"https:\/\/www.oparanews.com.br\/index.php\/wp-json\/wp\/v2\/types\/post"}],"author":[{"embeddable":true,"href":"https:\/\/www.oparanews.com.br\/index.php\/wp-json\/wp\/v2\/users\/1"}],"replies":[{"embeddable":true,"href":"https:\/\/www.oparanews.com.br\/index.php\/wp-json\/wp\/v2\/comments?post=11252"}],"version-history":[{"count":0,"href":"https:\/\/www.oparanews.com.br\/index.php\/wp-json\/wp\/v2\/posts\/11252\/revisions"}],"wp:attachment":[{"href":"https:\/\/www.oparanews.com.br\/index.php\/wp-json\/wp\/v2\/media?parent=11252"}],"wp:term":[{"taxonomy":"category","embeddable":true,"href":"https:\/\/www.oparanews.com.br\/index.php\/wp-json\/wp\/v2\/categories?post=11252"},{"taxonomy":"post_tag","embeddable":true,"href":"https:\/\/www.oparanews.com.br\/index.php\/wp-json\/wp\/v2\/tags?post=11252"}],"curies":[{"name":"wp","href":"https:\/\/api.w.org\/{rel}","templated":true}]}}