{"id":11254,"date":"2020-12-09T02:04:29","date_gmt":"2020-12-09T02:04:29","guid":{"rendered":"https:\/\/oparanews.com.br\/?p=11254"},"modified":"2020-12-09T02:04:29","modified_gmt":"2020-12-09T02:04:29","slug":"renan-filho-considera-possibilidade-de-comprar-vacinas-contra-a-covid-19","status":"publish","type":"post","link":"https:\/\/www.oparanews.com.br\/index.php\/2020\/12\/09\/renan-filho-considera-possibilidade-de-comprar-vacinas-contra-a-covid-19\/","title":{"rendered":"Renan Filho considera possibilidade de comprar vacinas contra a Covid-19"},"content":{"rendered":"<p>O governador de Alagoas participou, de forma remota, de reuni\u00e3o nesta ter\u00e7a-feira (8) com o ministro da Sa\u00fade, Eduardo Pazuello, e outros governadores para tratar do Plano Nacional de Imuniza\u00e7\u00e3o contra a Covid-19. Renan Filho (MDB) disse que vai aguardar que o governo federal envie as vacinas ao estado, mas que caso n\u00e3o haja agilidade, vai compr\u00e1-las de forma direta.<\/p>\n<p>\u201cAqui em Alagoas n\u00f3s vamos aguardar o envio das vacinas por parte do governo federal. Se isso n\u00e3o tiver a agilidade necess\u00e1ria, vamos diretamente, assim como outros estados, garantir a aquisi\u00e7\u00e3o das vacinas\u201d, disse Renan Filho.<\/p>\n<p>O G1 questionou o governo de Alagoas at\u00e9 quando aguardaria pelo Minist\u00e9rio da Sa\u00fade. Por meio da assessoria, o Estado disse que seria o prazo dado pelo Minist\u00e9rio: final de fevereiro.<\/p>\n<p>A informa\u00e7\u00e3o, contudo, \u00e9 oposta ao que j\u00e1 tinha dito o secret\u00e1rio de Estado da Sa\u00fade, Alexandre Ayres, na \u00faltima semana, de que n\u00e3o teria como comprar vacinas. &#8220;Alagoas \u00e9 um estado pequeno, \u00e9 um estado que n\u00e3o tem recursos para dispor e adquirir essas vacinas&#8221;, falou em entrevista coletiva no \u00faltimo dia 3.<\/p>\n<p>O Estado n\u00e3o tem plano pr\u00f3prio de vacina\u00e7\u00e3o e vai seguir o do governo federal, que s\u00f3 deve ficar pronto quando houver vacina registrada na Ag\u00eancia Nacional de Vigil\u00e2ncia Sanit\u00e1ria (Anvisa)<\/p>\n<p>\u201cEu deixei claro que \u00e9 fundamental que o Minist\u00e9rio da Sa\u00fade coordene nacionalmente o Plano de Imuniza\u00e7\u00e3o. Fundamental tamb\u00e9m que o Minist\u00e9rio garanta, no mais curto espa\u00e7o de tempo poss\u00edvel, vacinar todo o povo brasileiro\u201d, disse o governador.<\/p>\n<p>&nbsp;<\/p>\n<p><strong>Fonte: G1\/AL<\/strong><\/p>\n<p>&nbsp;<\/p>\n","protected":false},"excerpt":{"rendered":"<p>O governador de Alagoas participou, de forma remota, de reuni\u00e3o nesta ter\u00e7a-feira (8) com o ministro da Sa\u00fade, Eduardo Pazuello, e outros governadores para tratar do Plano Nacional de Imuniza\u00e7\u00e3o contra a Covid-19. Renan Filho (MDB) disse que vai aguardar que o governo federal envie as vacinas ao estado, mas que caso n\u00e3o haja agilidade, &hellip;<\/p>\n","protected":false},"author":1,"featured_media":11255,"comment_status":"open","ping_status":"open","sticky":false,"template":"","format":"standard","meta":{"_jetpack_newsletter_access":"","_jetpack_dont_email_post_to_subs":false,"_jetpack_newsletter_tier_id":0,"_jetpack_memberships_contains_paywalled_content":false,"_jetpack_memberships_contains_paid_content":false,"footnotes":""},"categories":[1],"tags":[],"class_list":["post-11254","post","type-post","status-publish","format-standard","has-post-thumbnail","hentry","category-destaque"],"jetpack_sharing_enabled":true,"jetpack_featured_media_url":"","_links":{"self":[{"href":"https:\/\/www.oparanews.com.br\/index.php\/wp-json\/wp\/v2\/posts\/11254","targetHints":{"allow":["GET"]}}],"collection":[{"href":"https:\/\/www.oparanews.com.br\/index.php\/wp-json\/wp\/v2\/posts"}],"about":[{"href":"https:\/\/www.oparanews.com.br\/index.php\/wp-json\/wp\/v2\/types\/post"}],"author":[{"embeddable":true,"href":"https:\/\/www.oparanews.com.br\/index.php\/wp-json\/wp\/v2\/users\/1"}],"replies":[{"embeddable":true,"href":"https:\/\/www.oparanews.com.br\/index.php\/wp-json\/wp\/v2\/comments?post=11254"}],"version-history":[{"count":0,"href":"https:\/\/www.oparanews.com.br\/index.php\/wp-json\/wp\/v2\/posts\/11254\/revisions"}],"wp:attachment":[{"href":"https:\/\/www.oparanews.com.br\/index.php\/wp-json\/wp\/v2\/media?parent=11254"}],"wp:term":[{"taxonomy":"category","embeddable":true,"href":"https:\/\/www.oparanews.com.br\/index.php\/wp-json\/wp\/v2\/categories?post=11254"},{"taxonomy":"post_tag","embeddable":true,"href":"https:\/\/www.oparanews.com.br\/index.php\/wp-json\/wp\/v2\/tags?post=11254"}],"curies":[{"name":"wp","href":"https:\/\/api.w.org\/{rel}","templated":true}]}}