{"id":11257,"date":"2020-12-09T12:08:33","date_gmt":"2020-12-09T12:08:33","guid":{"rendered":"https:\/\/oparanews.com.br\/?p=11257"},"modified":"2020-12-09T12:08:33","modified_gmt":"2020-12-09T12:08:33","slug":"governo-marcius-beltrao-ronaldo-lopes-conquista-selo-unicef-para-penedo","status":"publish","type":"post","link":"https:\/\/www.oparanews.com.br\/index.php\/2020\/12\/09\/governo-marcius-beltrao-ronaldo-lopes-conquista-selo-unicef-para-penedo\/","title":{"rendered":"Governo Marcius Beltr\u00e3o\/Ronaldo Lopes conquista Selo Unicef para Penedo"},"content":{"rendered":"<p>Mais crian\u00e7as e adolescentes nas salas de aulas. Redu\u00e7\u00e3o de estudantes com distor\u00e7\u00e3o na idade-s\u00e9rie na rede p\u00fablica municipal. Gestantes recebendo acompanhamento pr\u00e9-natal. Beb\u00eas nascidos em Penedo identificados com registro civil antes de completar o primeiro ano de vida.<\/p>\n<p>Estes s\u00e3o alguns dos crit\u00e9rios avaliados pelo Fundo das Na\u00e7\u00f5es Unidas para a Inf\u00e2ncia para certificar munic\u00edpios com o Selo Unicef. Entre os 102 munic\u00edpios alagoanos, 63 aderiram ao programa que avaliou o trabalho desenvolvido no per\u00edodo de 2017 a 2020. E dos 63 participantes, apenas Penedo e mais 13 receberam a certifica\u00e7\u00e3o.<\/p>\n<p>A conquista do Selo Unicef se d\u00e1 pelo cumprimento de metas, entre elas as que est\u00e3o mencionadas no in\u00edcio deste texto, todas alcan\u00e7adas durante o governo Marcius Beltr\u00e3o\/Ronaldo Lopes.<\/p>\n<p>Ao tratar quest\u00f5es relacionadas com crian\u00e7as, adolescentes, gestantes e nutrizes como prioridade, a gest\u00e3o que conclui seu mandato de 8 anos comprova que cumpriu a miss\u00e3o de promover pol\u00edticas p\u00fablicas para quem mais precisa.<\/p>\n<p>\u201cForam onze indicadores analisados pelo Unicef, 17 resultados sist\u00eamicos e mais de 30 a\u00e7\u00f5es de valida\u00e7\u00e3o avaliadas a partir de 2017 para a conquista do selo\u201d, informa o Coordenador Municipal da Juventude, Cleyton Porf\u00edrio, sobre o trabalho que engloba as secretarias municipais de sa\u00fade, educa\u00e7\u00e3o, assist\u00eancia social, cultura, Conselho Tutelar e Conselho Municipal da Crian\u00e7a e do Adolescente.<\/p>\n<p>\u201cA garantia de direitos e benef\u00edcios para crian\u00e7as e adolescentes melhorou muito em Penedo e o reconhecimento da premia\u00e7\u00e3o \u00e9 s\u00f3 a prova de como n\u00f3s evolu\u00edmos\u201d, completa Wanderl\u00e9a Nunes, articuladora das a\u00e7\u00f5es em Penedo para a certifica\u00e7\u00e3o que habilita o munic\u00edpio para outros programas desenvolvidos pelo Unicef\/ONU.<\/p>\n<p>&nbsp;<\/p>\n<p><strong>por Fernando Vin\u00edcius \u2013 Decom PMP<\/strong><\/p>\n<p>&nbsp;<\/p>\n","protected":false},"excerpt":{"rendered":"<p>Mais crian\u00e7as e adolescentes nas salas de aulas. Redu\u00e7\u00e3o de estudantes com distor\u00e7\u00e3o na idade-s\u00e9rie na rede p\u00fablica municipal. Gestantes recebendo acompanhamento pr\u00e9-natal. Beb\u00eas nascidos em Penedo identificados com registro civil antes de completar o primeiro ano de vida. Estes s\u00e3o alguns dos crit\u00e9rios avaliados pelo Fundo das Na\u00e7\u00f5es Unidas para a Inf\u00e2ncia para certificar &hellip;<\/p>\n","protected":false},"author":1,"featured_media":11258,"comment_status":"open","ping_status":"open","sticky":false,"template":"","format":"standard","meta":{"_jetpack_newsletter_access":"","_jetpack_dont_email_post_to_subs":false,"_jetpack_newsletter_tier_id":0,"_jetpack_memberships_contains_paywalled_content":false,"_jetpack_memberships_contains_paid_content":false,"footnotes":""},"categories":[1],"tags":[],"class_list":["post-11257","post","type-post","status-publish","format-standard","has-post-thumbnail","hentry","category-destaque"],"jetpack_sharing_enabled":true,"jetpack_featured_media_url":"","_links":{"self":[{"href":"https:\/\/www.oparanews.com.br\/index.php\/wp-json\/wp\/v2\/posts\/11257","targetHints":{"allow":["GET"]}}],"collection":[{"href":"https:\/\/www.oparanews.com.br\/index.php\/wp-json\/wp\/v2\/posts"}],"about":[{"href":"https:\/\/www.oparanews.com.br\/index.php\/wp-json\/wp\/v2\/types\/post"}],"author":[{"embeddable":true,"href":"https:\/\/www.oparanews.com.br\/index.php\/wp-json\/wp\/v2\/users\/1"}],"replies":[{"embeddable":true,"href":"https:\/\/www.oparanews.com.br\/index.php\/wp-json\/wp\/v2\/comments?post=11257"}],"version-history":[{"count":0,"href":"https:\/\/www.oparanews.com.br\/index.php\/wp-json\/wp\/v2\/posts\/11257\/revisions"}],"wp:attachment":[{"href":"https:\/\/www.oparanews.com.br\/index.php\/wp-json\/wp\/v2\/media?parent=11257"}],"wp:term":[{"taxonomy":"category","embeddable":true,"href":"https:\/\/www.oparanews.com.br\/index.php\/wp-json\/wp\/v2\/categories?post=11257"},{"taxonomy":"post_tag","embeddable":true,"href":"https:\/\/www.oparanews.com.br\/index.php\/wp-json\/wp\/v2\/tags?post=11257"}],"curies":[{"name":"wp","href":"https:\/\/api.w.org\/{rel}","templated":true}]}}