{"id":11266,"date":"2020-12-09T12:15:06","date_gmt":"2020-12-09T12:15:06","guid":{"rendered":"https:\/\/oparanews.com.br\/?p=11266"},"modified":"2020-12-09T12:15:06","modified_gmt":"2020-12-09T12:15:06","slug":"pazuello-diz-que-cabe-a-ministerio-planejar-vacinacao","status":"publish","type":"post","link":"https:\/\/www.oparanews.com.br\/index.php\/2020\/12\/09\/pazuello-diz-que-cabe-a-ministerio-planejar-vacinacao\/","title":{"rendered":"Pazuello diz que cabe a minist\u00e9rio planejar vacina\u00e7\u00e3o"},"content":{"rendered":"<p>O ministro da Sa\u00fade, Eduardo Pazuello, afirmou nesta ter\u00e7a-feira (8) em declara\u00e7\u00e3o \u00e0 imprensa no Pal\u00e1cio do Planalto \u2014 n\u00e3o foram permitidas perguntas dos jornalistas \u2014 que o governo federal comprar\u00e1 qualquer vacina contra a Covid-19 com registro na Ag\u00eancia Nacional de Vigil\u00e2ncia Sanit\u00e1ria (Anvisa).<\/p>\n<p>Nesta segunda-feira (8), o governador Jo\u00e3o Doria (PSDB) anunciou o in\u00edcio da vacina\u00e7\u00e3o em S\u00e3o Paulo no dia 25 de janeiro \u2014 a vacina \u00e9 a CoronaVac, desenvolvida pelo laborat\u00f3rio chin\u00eas Sinovac e pelo Instituto Butantan, cuja proposta de compra pelo governo federal foi vetada pelo presidente Jair Bolsonaro.<\/p>\n<p>&#8220;Vale ressaltar que qualquer vacina aprovada e certificada pela Anvisa, ser\u00e1 comprada pelo Governo Federal e distribu\u00edda para toda a popula\u00e7\u00e3o que desejar ser vacinada. Tenham certeza, que \u00e9 um compromisso do Governo Federal vacinar todos os que precisam ser imunizados e aqueles que desejarem&#8221;, disse Pazuello, que mais cedo participou de reuni\u00e3o sobre o assunto com governadores.<\/p>\n<p>Segundo Pazuello, o minist\u00e9rio &#8220;acompanha a evolu\u00e7\u00e3o de imunizantes para Covid-19 em passos acelerados e com total responsabilidade&#8221;.<\/p>\n<p>Sem se referir a governadores, ele disse que compete ao minist\u00e9rio o planejamento da vacina\u00e7\u00e3o em todo o pa\u00eds. &#8220;N\u00e3o podemos dividir o Brasil num momento dif\u00edcil que todos n\u00f3s passamos&#8221;, afirmou.<\/p>\n<p>Ap\u00f3s a fala do ministro, o presidente Jair Bolsonaro disse em uma rede social que a vacina n\u00e3o deve ser usada &#8220;para fins pol\u00edticos&#8221;.<\/p>\n<p>&#8220;O Brasil disponibilizar\u00e1 vacinas de forma gratuita e volunt\u00e1ria ap\u00f3s COMPROVADA EFIC\u00c1CIA E REGISTRO NA ANVISA. Vamos proteger a popula\u00e7\u00e3o respeitando sua liberdade, e n\u00e3o us\u00e1-la para fins pol\u00edticos, colocando sua sa\u00fade em risco por conta de projetos pessoais de poder&#8221;, escreveu o presidente.<\/p>\n<p>Pazuello disse que o Brasil tem 300 milh\u00f5es de doses de vacinas asseguradas, \u00e0 espera da conclus\u00e3o dos testes e de aprova\u00e7\u00e3o pela Anvisa.<\/p>\n<p>Dessas 300 milh\u00f5es de doses, segundo o ministro, 260,4 milh\u00f5es s\u00e3o do laborat\u00f3rio AstraZeneca e da Funda\u00e7\u00e3o Oswaldo Cruz (100,4 milh\u00f5es no primeiro semestre e 160 milh\u00f5es no segundo) e 42,5 milh\u00f5es de doses do cons\u00f3rcio internacional Covax-Facility.<\/p>\n<p>De acordo com Pazuello, j\u00e1 foi assinada uma carta de inten\u00e7\u00f5es para a aquisi\u00e7\u00e3o de mais 70 milh\u00f5es de doses da farmac\u00eautica Pfizer, cuja vacina come\u00e7ou a ser aplicada nesta ter\u00e7a-feira no Reino Unido.<\/p>\n<p>&nbsp;<\/p>\n<p><strong>Fonte: G1<\/strong><\/p>\n<p>&nbsp;<\/p>\n","protected":false},"excerpt":{"rendered":"<p>O ministro da Sa\u00fade, Eduardo Pazuello, afirmou nesta ter\u00e7a-feira (8) em declara\u00e7\u00e3o \u00e0 imprensa no Pal\u00e1cio do Planalto \u2014 n\u00e3o foram permitidas perguntas dos jornalistas \u2014 que o governo federal comprar\u00e1 qualquer vacina contra a Covid-19 com registro na Ag\u00eancia Nacional de Vigil\u00e2ncia Sanit\u00e1ria (Anvisa). Nesta segunda-feira (8), o governador Jo\u00e3o Doria (PSDB) anunciou o &hellip;<\/p>\n","protected":false},"author":1,"featured_media":11267,"comment_status":"open","ping_status":"open","sticky":false,"template":"","format":"standard","meta":{"_jetpack_newsletter_access":"","_jetpack_dont_email_post_to_subs":false,"_jetpack_newsletter_tier_id":0,"_jetpack_memberships_contains_paywalled_content":false,"_jetpack_memberships_contains_paid_content":false,"footnotes":""},"categories":[1],"tags":[],"class_list":["post-11266","post","type-post","status-publish","format-standard","has-post-thumbnail","hentry","category-destaque"],"jetpack_sharing_enabled":true,"jetpack_featured_media_url":"","_links":{"self":[{"href":"https:\/\/www.oparanews.com.br\/index.php\/wp-json\/wp\/v2\/posts\/11266","targetHints":{"allow":["GET"]}}],"collection":[{"href":"https:\/\/www.oparanews.com.br\/index.php\/wp-json\/wp\/v2\/posts"}],"about":[{"href":"https:\/\/www.oparanews.com.br\/index.php\/wp-json\/wp\/v2\/types\/post"}],"author":[{"embeddable":true,"href":"https:\/\/www.oparanews.com.br\/index.php\/wp-json\/wp\/v2\/users\/1"}],"replies":[{"embeddable":true,"href":"https:\/\/www.oparanews.com.br\/index.php\/wp-json\/wp\/v2\/comments?post=11266"}],"version-history":[{"count":0,"href":"https:\/\/www.oparanews.com.br\/index.php\/wp-json\/wp\/v2\/posts\/11266\/revisions"}],"wp:attachment":[{"href":"https:\/\/www.oparanews.com.br\/index.php\/wp-json\/wp\/v2\/media?parent=11266"}],"wp:term":[{"taxonomy":"category","embeddable":true,"href":"https:\/\/www.oparanews.com.br\/index.php\/wp-json\/wp\/v2\/categories?post=11266"},{"taxonomy":"post_tag","embeddable":true,"href":"https:\/\/www.oparanews.com.br\/index.php\/wp-json\/wp\/v2\/tags?post=11266"}],"curies":[{"name":"wp","href":"https:\/\/api.w.org\/{rel}","templated":true}]}}