{"id":11269,"date":"2020-12-10T23:57:06","date_gmt":"2020-12-10T23:57:06","guid":{"rendered":"https:\/\/oparanews.com.br\/?p=11269"},"modified":"2020-12-10T23:57:06","modified_gmt":"2020-12-10T23:57:06","slug":"semed-penedo-promove-formacao-online-sobre-protagonismo-infantil","status":"publish","type":"post","link":"https:\/\/www.oparanews.com.br\/index.php\/2020\/12\/10\/semed-penedo-promove-formacao-online-sobre-protagonismo-infantil\/","title":{"rendered":"Semed Penedo promove forma\u00e7\u00e3o online sobre protagonismo infantil"},"content":{"rendered":"<p>Diretores, coordenadores, professores e auxiliares de sala que atuam na Educa\u00e7\u00e3o Infantil na Secretaria Municipal de Educa\u00e7\u00e3o da Prefeitura de Penedo participam nesta sexta-feira, 11, de forma\u00e7\u00e3o online sobre protagonismo infantil.<\/p>\n<p>O tema ser\u00e1 abordado por Ana L\u00facia Soares, pedagoga especialista em psicopedagogia, a partir das 9 horas, sendo o link de acesso ao ambiente virtual disponibilizado em grupos de Whatsapp que re\u00fane o p\u00fablico-alvo para mais esta iniciativa da Semed Penedo.<\/p>\n<p>A troca de informa\u00e7\u00e3o sobre autonomia e desenvolvimento de crian\u00e7as, em espa\u00e7os adequados, \u00e9 mais um avan\u00e7o que o governo Marcius Beltr\u00e3o\/Ronaldo Lopes proporciona para a forma\u00e7\u00e3o das pr\u00f3ximas gera\u00e7\u00f5es de adultos penedenses.<\/p>\n<p>O incentivo ao protagonismo infantil j\u00e1 faz parte do cotidiano das crian\u00e7as matriculadas nas creches escolas da Prefeitura de Penedo. As unidades inauguradas este ano s\u00e3o modelo do paradigma estendido ao material did\u00e1tico-pedag\u00f3gico.<\/p>\n<p>Os livros adotados pela Semed Penedo para a Educa\u00e7\u00e3o Infantil (Cole\u00e7\u00e3o Descobrir e Aprender) s\u00e3o das Edi\u00e7\u00f5es IPDH, editora do Instituto Prisma de Desenvolvimento Humano, entidade que tamb\u00e9m presta assessoria \u00e0s prefeituras, inclusive para a capacita\u00e7\u00e3o a ser realizada amanh\u00e3, a cargo da profissional que tamb\u00e9m formadora das Edi\u00e7\u00f5es IPDH.<\/p>\n<p>&nbsp;<\/p>\n<p><strong>por Fernando Vin\u00edcius \u2013 Decom PMP<\/strong><\/p>\n<p>&nbsp;<\/p>\n","protected":false},"excerpt":{"rendered":"<p>Diretores, coordenadores, professores e auxiliares de sala que atuam na Educa\u00e7\u00e3o Infantil na Secretaria Municipal de Educa\u00e7\u00e3o da Prefeitura de Penedo participam nesta sexta-feira, 11, de forma\u00e7\u00e3o online sobre protagonismo infantil. O tema ser\u00e1 abordado por Ana L\u00facia Soares, pedagoga especialista em psicopedagogia, a partir das 9 horas, sendo o link de acesso ao ambiente &hellip;<\/p>\n","protected":false},"author":1,"featured_media":11270,"comment_status":"open","ping_status":"open","sticky":false,"template":"","format":"standard","meta":{"_jetpack_newsletter_access":"","_jetpack_dont_email_post_to_subs":false,"_jetpack_newsletter_tier_id":0,"_jetpack_memberships_contains_paywalled_content":false,"_jetpack_memberships_contains_paid_content":false,"footnotes":""},"categories":[1],"tags":[],"class_list":["post-11269","post","type-post","status-publish","format-standard","has-post-thumbnail","hentry","category-destaque"],"jetpack_sharing_enabled":true,"jetpack_featured_media_url":"","_links":{"self":[{"href":"https:\/\/www.oparanews.com.br\/index.php\/wp-json\/wp\/v2\/posts\/11269","targetHints":{"allow":["GET"]}}],"collection":[{"href":"https:\/\/www.oparanews.com.br\/index.php\/wp-json\/wp\/v2\/posts"}],"about":[{"href":"https:\/\/www.oparanews.com.br\/index.php\/wp-json\/wp\/v2\/types\/post"}],"author":[{"embeddable":true,"href":"https:\/\/www.oparanews.com.br\/index.php\/wp-json\/wp\/v2\/users\/1"}],"replies":[{"embeddable":true,"href":"https:\/\/www.oparanews.com.br\/index.php\/wp-json\/wp\/v2\/comments?post=11269"}],"version-history":[{"count":0,"href":"https:\/\/www.oparanews.com.br\/index.php\/wp-json\/wp\/v2\/posts\/11269\/revisions"}],"wp:attachment":[{"href":"https:\/\/www.oparanews.com.br\/index.php\/wp-json\/wp\/v2\/media?parent=11269"}],"wp:term":[{"taxonomy":"category","embeddable":true,"href":"https:\/\/www.oparanews.com.br\/index.php\/wp-json\/wp\/v2\/categories?post=11269"},{"taxonomy":"post_tag","embeddable":true,"href":"https:\/\/www.oparanews.com.br\/index.php\/wp-json\/wp\/v2\/tags?post=11269"}],"curies":[{"name":"wp","href":"https:\/\/api.w.org\/{rel}","templated":true}]}}