{"id":11277,"date":"2020-12-11T00:01:49","date_gmt":"2020-12-11T00:01:49","guid":{"rendered":"https:\/\/oparanews.com.br\/?p=11277"},"modified":"2020-12-11T00:01:49","modified_gmt":"2020-12-11T00:01:49","slug":"semed-estabelece-ensino-hibrido-na-rede-municipal-de-maceio","status":"publish","type":"post","link":"https:\/\/www.oparanews.com.br\/index.php\/2020\/12\/11\/semed-estabelece-ensino-hibrido-na-rede-municipal-de-maceio\/","title":{"rendered":"Semed estabelece ensino h\u00edbrido na rede municipal de Macei\u00f3"},"content":{"rendered":"<p>A Secretaria Municipal de Educa\u00e7\u00e3o (Semed) de Macei\u00f3 publicou um documento no Di\u00e1rio Oficial do Munic\u00edpio desta quinta-feira (10) com uma s\u00e9rie de orienta\u00e7\u00f5es pedag\u00f3gicas para o retorno das aulas presenciais na rede p\u00fablica, entre elas, o estabelecimento do ensino h\u00edbrido, nos formatos presencial e online.<\/p>\n<p>Ainda n\u00e3o h\u00e1, contudo, uma data definida para o in\u00edcio desta retomada. &#8220;A Rede Municipal de Ensino adotar\u00e1, em todas as suas etapas e modalidades, o ensino h\u00edbrido, envolvendo o uso sincronizado de atividades pedag\u00f3gicas realizadas de forma presencial e n\u00e3o presencial&#8221;, diz trecho da publica\u00e7\u00e3o.<\/p>\n<p>No in\u00edcio do m\u00eas, a Semed lan\u00e7ou um protocolo, dividido em onze cap\u00edtulos, que estabelece o retorno \u00e0s atividades presenciais de forma gradativa, separando os anos de ensino em etapas, mas tamb\u00e9m sem data.<\/p>\n<p>O documento publicado nesta quinta determina que cada unidade escolar fique respons\u00e1vel pelo modo como as aulas n\u00e3o presenciais v\u00e3o ser feitas.<\/p>\n<p>De acordo com a portaria, as diretorias de gest\u00e3o educacional, atrav\u00e9s das coordenadorias, tamb\u00e9m v\u00e3o ficar respons\u00e1veis pelo planejamento e realiza\u00e7\u00e3o do ensino h\u00edbrido.<\/p>\n<p>A portaria traz ainda orienta\u00e7\u00f5es que precisam ser seguidas para evitar o cont\u00e1gio pelo coronav\u00edrus. Os protocolos sanit\u00e1rios de biosseguran\u00e7a precisam ser seguidos na volta \u00e0s aulas.<\/p>\n<p>&nbsp;<\/p>\n<p><strong>Fonte: G1\/AL<\/strong><\/p>\n<p>&nbsp;<\/p>\n","protected":false},"excerpt":{"rendered":"<p>A Secretaria Municipal de Educa\u00e7\u00e3o (Semed) de Macei\u00f3 publicou um documento no Di\u00e1rio Oficial do Munic\u00edpio desta quinta-feira (10) com uma s\u00e9rie de orienta\u00e7\u00f5es pedag\u00f3gicas para o retorno das aulas presenciais na rede p\u00fablica, entre elas, o estabelecimento do ensino h\u00edbrido, nos formatos presencial e online. Ainda n\u00e3o h\u00e1, contudo, uma data definida para o &hellip;<\/p>\n","protected":false},"author":1,"featured_media":11278,"comment_status":"open","ping_status":"open","sticky":false,"template":"","format":"standard","meta":{"_jetpack_newsletter_access":"","_jetpack_dont_email_post_to_subs":false,"_jetpack_newsletter_tier_id":0,"_jetpack_memberships_contains_paywalled_content":false,"_jetpack_memberships_contains_paid_content":false,"footnotes":""},"categories":[1],"tags":[],"class_list":["post-11277","post","type-post","status-publish","format-standard","has-post-thumbnail","hentry","category-destaque"],"jetpack_sharing_enabled":true,"jetpack_featured_media_url":"","_links":{"self":[{"href":"https:\/\/www.oparanews.com.br\/index.php\/wp-json\/wp\/v2\/posts\/11277","targetHints":{"allow":["GET"]}}],"collection":[{"href":"https:\/\/www.oparanews.com.br\/index.php\/wp-json\/wp\/v2\/posts"}],"about":[{"href":"https:\/\/www.oparanews.com.br\/index.php\/wp-json\/wp\/v2\/types\/post"}],"author":[{"embeddable":true,"href":"https:\/\/www.oparanews.com.br\/index.php\/wp-json\/wp\/v2\/users\/1"}],"replies":[{"embeddable":true,"href":"https:\/\/www.oparanews.com.br\/index.php\/wp-json\/wp\/v2\/comments?post=11277"}],"version-history":[{"count":0,"href":"https:\/\/www.oparanews.com.br\/index.php\/wp-json\/wp\/v2\/posts\/11277\/revisions"}],"wp:attachment":[{"href":"https:\/\/www.oparanews.com.br\/index.php\/wp-json\/wp\/v2\/media?parent=11277"}],"wp:term":[{"taxonomy":"category","embeddable":true,"href":"https:\/\/www.oparanews.com.br\/index.php\/wp-json\/wp\/v2\/categories?post=11277"},{"taxonomy":"post_tag","embeddable":true,"href":"https:\/\/www.oparanews.com.br\/index.php\/wp-json\/wp\/v2\/tags?post=11277"}],"curies":[{"name":"wp","href":"https:\/\/api.w.org\/{rel}","templated":true}]}}