{"id":11289,"date":"2020-12-11T00:06:55","date_gmt":"2020-12-11T00:06:55","guid":{"rendered":"https:\/\/oparanews.com.br\/?p=11289"},"modified":"2020-12-11T00:06:55","modified_gmt":"2020-12-11T00:06:55","slug":"ms-confirma-primeiro-caso-de-reinfeccao-por-covid-19-no-brasil","status":"publish","type":"post","link":"https:\/\/www.oparanews.com.br\/index.php\/2020\/12\/11\/ms-confirma-primeiro-caso-de-reinfeccao-por-covid-19-no-brasil\/","title":{"rendered":"MS confirma primeiro caso de reinfec\u00e7\u00e3o por Covid-19 no Brasil"},"content":{"rendered":"<p>O Minist\u00e9rio da Sa\u00fade confirmou, na manh\u00e3 desta quinta-feira (10), o primeiro caso de reinfec\u00e7\u00e3o pela Covid-19 em territ\u00f3rio brasileiro.<\/p>\n<p>A pasta afirma que se trata de uma profissional da \u00e1rea da sa\u00fade, de 37 anos, que reside em Natal, no Rio Grande do Norte. Ela teria se infectado pelo novo coronav\u00edrus em junho, mas se curou da doen\u00e7a.<\/p>\n<p>No entanto, recebeu novo resultado positivo de testes para a Covid-19 em outubro, 116 dias depois do primeiro diagn\u00f3stico<\/p>\n<p>&#8220;As an\u00e1lises realizadas permitem confirmar a reinfec\u00e7\u00e3o pelo v\u00edrus SARS-CoV-2, ap\u00f3s sequenciamento do genoma completo viral que identificou duas linhagens distintas&#8221;, informou o minist\u00e9rio em nota.<\/p>\n<p>&nbsp;<\/p>\n<p><strong>Fonte: Folhapress<\/strong><\/p>\n<p>&nbsp;<\/p>\n","protected":false},"excerpt":{"rendered":"<p>O Minist\u00e9rio da Sa\u00fade confirmou, na manh\u00e3 desta quinta-feira (10), o primeiro caso de reinfec\u00e7\u00e3o pela Covid-19 em territ\u00f3rio brasileiro. A pasta afirma que se trata de uma profissional da \u00e1rea da sa\u00fade, de 37 anos, que reside em Natal, no Rio Grande do Norte. Ela teria se infectado pelo novo coronav\u00edrus em junho, mas &hellip;<\/p>\n","protected":false},"author":1,"featured_media":11290,"comment_status":"open","ping_status":"open","sticky":false,"template":"","format":"standard","meta":{"_jetpack_newsletter_access":"","_jetpack_dont_email_post_to_subs":false,"_jetpack_newsletter_tier_id":0,"_jetpack_memberships_contains_paywalled_content":false,"_jetpack_memberships_contains_paid_content":false,"footnotes":""},"categories":[1],"tags":[],"class_list":["post-11289","post","type-post","status-publish","format-standard","has-post-thumbnail","hentry","category-destaque"],"jetpack_sharing_enabled":true,"jetpack_featured_media_url":"","_links":{"self":[{"href":"https:\/\/www.oparanews.com.br\/index.php\/wp-json\/wp\/v2\/posts\/11289","targetHints":{"allow":["GET"]}}],"collection":[{"href":"https:\/\/www.oparanews.com.br\/index.php\/wp-json\/wp\/v2\/posts"}],"about":[{"href":"https:\/\/www.oparanews.com.br\/index.php\/wp-json\/wp\/v2\/types\/post"}],"author":[{"embeddable":true,"href":"https:\/\/www.oparanews.com.br\/index.php\/wp-json\/wp\/v2\/users\/1"}],"replies":[{"embeddable":true,"href":"https:\/\/www.oparanews.com.br\/index.php\/wp-json\/wp\/v2\/comments?post=11289"}],"version-history":[{"count":0,"href":"https:\/\/www.oparanews.com.br\/index.php\/wp-json\/wp\/v2\/posts\/11289\/revisions"}],"wp:attachment":[{"href":"https:\/\/www.oparanews.com.br\/index.php\/wp-json\/wp\/v2\/media?parent=11289"}],"wp:term":[{"taxonomy":"category","embeddable":true,"href":"https:\/\/www.oparanews.com.br\/index.php\/wp-json\/wp\/v2\/categories?post=11289"},{"taxonomy":"post_tag","embeddable":true,"href":"https:\/\/www.oparanews.com.br\/index.php\/wp-json\/wp\/v2\/tags?post=11289"}],"curies":[{"name":"wp","href":"https:\/\/api.w.org\/{rel}","templated":true}]}}