{"id":11295,"date":"2020-12-11T00:12:55","date_gmt":"2020-12-11T00:12:55","guid":{"rendered":"https:\/\/oparanews.com.br\/?p=11295"},"modified":"2020-12-11T00:12:55","modified_gmt":"2020-12-11T00:12:55","slug":"copa-alagoas-comecara-no-dia-31-de-janeiro","status":"publish","type":"post","link":"https:\/\/www.oparanews.com.br\/index.php\/2020\/12\/11\/copa-alagoas-comecara-no-dia-31-de-janeiro\/","title":{"rendered":"Copa Alagoas come\u00e7ar\u00e1 no dia 31 de janeiro"},"content":{"rendered":"<p>Representantes dos clubes do Alagoano S\u00e9rie A estiveram reunidos nessa quarta-feira (09) com o presidente da Federa\u00e7\u00e3o Alagoana, Felipe Feij\u00f3, e decidiram realizar altera\u00e7\u00f5es no formato de disputa e na data de in\u00edcio da Copa Alagoas 2021, que come\u00e7ar\u00e1 no dia 31 de janeiro. As mudan\u00e7as foram discutidas em encontro no Hall da Fama, no Est\u00e1dio Rei Pel\u00e9.<\/p>\n<p>A Copa Alagoas ganhou um novo formato: os clubes ser\u00e3o divididos em dois grupos, enfrentando-se na mesma chave apenas em partidas de ida. Os dois primeiros classificados avan\u00e7am para a semifinal em jogo \u00fanico. O sorteio dos grupos ocorrer\u00e1 na pr\u00f3xima sexta-feira (18) durante a reuni\u00e3o do Conselho Arbitral do Alagoano S\u00e9rie A 2021.<\/p>\n<p>Os vencedores far\u00e3o a final em partida \u00fanica, com mando de campo a ser sorteado pela FAF. O campe\u00e3o da Copa Alagoas garante uma vaga no Brasileiro da S\u00e9rie D em 2022, e se classifica para a seletiva valendo uma vaga na Copa do Brasil em 2022, contra o terceiro colocado do Campeonato Alagoano.<\/p>\n<p>As mudan\u00e7as no formato de disputa foram bem aceitas pela Federa\u00e7\u00e3o. O motivo \u00e9 que v\u00e1rias equipes precisam reformular o planejamento no in\u00edcio da temporada, bastante alterada em virtude do ano at\u00edpico, causado pela pandemia da covid-19. Inicialmente, a Copa Alagoas estava marcada para ter in\u00edcio no dia 10 de janeiro.<\/p>\n<p>Todos os oito clubes da primeira divis\u00e3o estiveram presentes. ASA foi representado por Ibn Pinto; Rodrigo Pastana e Lum\u00e1rio Rodrigues representaram o CSA; Thiago Paes esteve pelo CRB; Jos\u00e9 Wilker e Lucilo Brand\u00e3o, representaram CEO e Jaciob\u00e1, respectivamente; Presidente do Murici, Geraldo Amorim, representou o Verd\u00e3o da Zona da Mata; Jos\u00e9 Barbosa e Francisco Luiz, o Fran\u00e7a, representaram CSE e Coruripe, respectivamente.<\/p>\n<p>Al\u00e9m do presidente Felipe Feij\u00f3, a FAF contou com as presen\u00e7as do diretor Administrativo, J\u00fanior Beltr\u00e3o e do diretor de competi\u00e7\u00f5es, Luciano Sampaio.<\/p>\n<p>&nbsp;<\/p>\n<p><strong>Fonte: FAF<\/strong><\/p>\n<p>&nbsp;<\/p>\n","protected":false},"excerpt":{"rendered":"<p>Representantes dos clubes do Alagoano S\u00e9rie A estiveram reunidos nessa quarta-feira (09) com o presidente da Federa\u00e7\u00e3o Alagoana, Felipe Feij\u00f3, e decidiram realizar altera\u00e7\u00f5es no formato de disputa e na data de in\u00edcio da Copa Alagoas 2021, que come\u00e7ar\u00e1 no dia 31 de janeiro. As mudan\u00e7as foram discutidas em encontro no Hall da Fama, no &hellip;<\/p>\n","protected":false},"author":1,"featured_media":11296,"comment_status":"open","ping_status":"open","sticky":false,"template":"","format":"standard","meta":{"_jetpack_newsletter_access":"","_jetpack_dont_email_post_to_subs":false,"_jetpack_newsletter_tier_id":0,"_jetpack_memberships_contains_paywalled_content":false,"_jetpack_memberships_contains_paid_content":false,"footnotes":""},"categories":[1],"tags":[],"class_list":["post-11295","post","type-post","status-publish","format-standard","has-post-thumbnail","hentry","category-destaque"],"jetpack_sharing_enabled":true,"jetpack_featured_media_url":"","_links":{"self":[{"href":"https:\/\/www.oparanews.com.br\/index.php\/wp-json\/wp\/v2\/posts\/11295","targetHints":{"allow":["GET"]}}],"collection":[{"href":"https:\/\/www.oparanews.com.br\/index.php\/wp-json\/wp\/v2\/posts"}],"about":[{"href":"https:\/\/www.oparanews.com.br\/index.php\/wp-json\/wp\/v2\/types\/post"}],"author":[{"embeddable":true,"href":"https:\/\/www.oparanews.com.br\/index.php\/wp-json\/wp\/v2\/users\/1"}],"replies":[{"embeddable":true,"href":"https:\/\/www.oparanews.com.br\/index.php\/wp-json\/wp\/v2\/comments?post=11295"}],"version-history":[{"count":0,"href":"https:\/\/www.oparanews.com.br\/index.php\/wp-json\/wp\/v2\/posts\/11295\/revisions"}],"wp:attachment":[{"href":"https:\/\/www.oparanews.com.br\/index.php\/wp-json\/wp\/v2\/media?parent=11295"}],"wp:term":[{"taxonomy":"category","embeddable":true,"href":"https:\/\/www.oparanews.com.br\/index.php\/wp-json\/wp\/v2\/categories?post=11295"},{"taxonomy":"post_tag","embeddable":true,"href":"https:\/\/www.oparanews.com.br\/index.php\/wp-json\/wp\/v2\/tags?post=11295"}],"curies":[{"name":"wp","href":"https:\/\/api.w.org\/{rel}","templated":true}]}}