{"id":11300,"date":"2020-12-11T13:03:42","date_gmt":"2020-12-11T13:03:42","guid":{"rendered":"https:\/\/oparanews.com.br\/?p=11300"},"modified":"2020-12-11T13:03:42","modified_gmt":"2020-12-11T13:03:42","slug":"ex-prefeito-de-penedo-deve-ressarcir-mais-de-r-90-mil-aos-cofres-do-municipio","status":"publish","type":"post","link":"https:\/\/www.oparanews.com.br\/index.php\/2020\/12\/11\/ex-prefeito-de-penedo-deve-ressarcir-mais-de-r-90-mil-aos-cofres-do-municipio\/","title":{"rendered":"Ex-prefeito de Penedo deve ressarcir mais de R$ 90 mil aos cofres do munic\u00edpio"},"content":{"rendered":"<p>O ex-prefeito de Penedo, Alexandre de Melo Toledo, teve os direitos pol\u00edticos suspensos por cinco anos e dever\u00e1 ressarcir a quantia de R$ 90.901,46 aos cofres do munic\u00edpio. A decis\u00e3o, proferida na \u00faltima quarta-feira (9), \u00e9 do juiz Anderson Santos dos Passos, da 1\u00aa Vara da Comarca.<\/p>\n<p>De acordo com os autos, o ex-prefeito \u00e9 acusado de cometer irregularidades na gest\u00e3o de recursos oriundos do Fundo Nacional de Desenvolvimento da Educa\u00e7\u00e3o (FNDE), especificamente em rela\u00e7\u00e3o ao Programa de Apoio ao Sistema de Ensino para a Educa\u00e7\u00e3o de Jovens e Adultos (PEJA). As irregularidades teriam ocorrido em 2004.<\/p>\n<p>O r\u00e9u, em contesta\u00e7\u00e3o, afirmou que a presta\u00e7\u00e3o de contas do PEJA encontra-se em dilig\u00eancia no Tribunal de Contas da Uni\u00e3o (TCU), circunst\u00e2ncia que obsta o ingresso de a\u00e7\u00e3o judicial. Alegou ainda n\u00e3o ter responsabilidade pelas irregularidades encontradas.<\/p>\n<p>De acordo com o juiz, \u00e9 incontroverso que houve irregularidades na presta\u00e7\u00e3o de contas dos recursos financeiros repassados \u00e0 Prefeitura para atender ao PEJA, &#8220;tanto que o FNDE instaurou processo para ado\u00e7\u00e3o das medidas administrativas cab\u00edveis&#8221;.<\/p>\n<p>Analisando as provas constantes nos autos, o magistrado constatou que o r\u00e9u aplicou recursos federais do FNDE em desacordo com a legisla\u00e7\u00e3o. Ainda segundo o juiz, apesar das alega\u00e7\u00f5es de aus\u00eancia de responsabilidade, o ex-prefeito, &#8220;em nenhum momento, logrou \u00eaxito em comprov\u00e1-las, tampouco demonstrou ter efetuado o pagamento do d\u00e9bito objeto, a fim de infirmar a sua responsabilidade pelo ato de improbidade administrativa consistente na ordena\u00e7\u00e3o de despesas em desacordo com a legisla\u00e7\u00e3o&#8221;.<\/p>\n<p>Al\u00e9m do ressarcimento do valor e da suspens\u00e3o dos direitos pol\u00edticos, o r\u00e9u est\u00e1 proibido de contratar com o poder p\u00fablico pelo prazo de cinco anos e dever\u00e1 pagar multa civil equivalente ao dano provocado ao er\u00e1rio. O valor da multa ser\u00e1 revertido ao Munic\u00edpio de Penedo.<\/p>\n<p>Mat\u00e9ria referente ao processo n\u00ba 0001371-74.2007.8.02.0049<\/p>\n<p>&nbsp;<\/p>\n<p><strong>por Diego Silveira &#8211; Dicom TJAL<\/strong><\/p>\n<p>&nbsp;<\/p>\n","protected":false},"excerpt":{"rendered":"<p>O ex-prefeito de Penedo, Alexandre de Melo Toledo, teve os direitos pol\u00edticos suspensos por cinco anos e dever\u00e1 ressarcir a quantia de R$ 90.901,46 aos cofres do munic\u00edpio. A decis\u00e3o, proferida na \u00faltima quarta-feira (9), \u00e9 do juiz Anderson Santos dos Passos, da 1\u00aa Vara da Comarca. De acordo com os autos, o ex-prefeito \u00e9 &hellip;<\/p>\n","protected":false},"author":1,"featured_media":11301,"comment_status":"open","ping_status":"open","sticky":false,"template":"","format":"standard","meta":{"_jetpack_newsletter_access":"","_jetpack_dont_email_post_to_subs":false,"_jetpack_newsletter_tier_id":0,"_jetpack_memberships_contains_paywalled_content":false,"_jetpack_memberships_contains_paid_content":false,"footnotes":""},"categories":[1],"tags":[],"class_list":["post-11300","post","type-post","status-publish","format-standard","has-post-thumbnail","hentry","category-destaque"],"jetpack_sharing_enabled":true,"jetpack_featured_media_url":"","_links":{"self":[{"href":"https:\/\/www.oparanews.com.br\/index.php\/wp-json\/wp\/v2\/posts\/11300","targetHints":{"allow":["GET"]}}],"collection":[{"href":"https:\/\/www.oparanews.com.br\/index.php\/wp-json\/wp\/v2\/posts"}],"about":[{"href":"https:\/\/www.oparanews.com.br\/index.php\/wp-json\/wp\/v2\/types\/post"}],"author":[{"embeddable":true,"href":"https:\/\/www.oparanews.com.br\/index.php\/wp-json\/wp\/v2\/users\/1"}],"replies":[{"embeddable":true,"href":"https:\/\/www.oparanews.com.br\/index.php\/wp-json\/wp\/v2\/comments?post=11300"}],"version-history":[{"count":0,"href":"https:\/\/www.oparanews.com.br\/index.php\/wp-json\/wp\/v2\/posts\/11300\/revisions"}],"wp:attachment":[{"href":"https:\/\/www.oparanews.com.br\/index.php\/wp-json\/wp\/v2\/media?parent=11300"}],"wp:term":[{"taxonomy":"category","embeddable":true,"href":"https:\/\/www.oparanews.com.br\/index.php\/wp-json\/wp\/v2\/categories?post=11300"},{"taxonomy":"post_tag","embeddable":true,"href":"https:\/\/www.oparanews.com.br\/index.php\/wp-json\/wp\/v2\/tags?post=11300"}],"curies":[{"name":"wp","href":"https:\/\/api.w.org\/{rel}","templated":true}]}}