{"id":11314,"date":"2020-12-13T14:13:29","date_gmt":"2020-12-13T14:13:29","guid":{"rendered":"https:\/\/oparanews.com.br\/?p=11314"},"modified":"2020-12-13T14:13:29","modified_gmt":"2020-12-13T14:13:29","slug":"alagoas-registra-aumento-na-ocupacao-de-leitos-destinados-a-pacientes-com-covid-19","status":"publish","type":"post","link":"https:\/\/www.oparanews.com.br\/index.php\/2020\/12\/13\/alagoas-registra-aumento-na-ocupacao-de-leitos-destinados-a-pacientes-com-covid-19\/","title":{"rendered":"Alagoas registra aumento na ocupa\u00e7\u00e3o de leitos destinados a pacientes com Covid-19"},"content":{"rendered":"<p>A taxa de ocupa\u00e7\u00e3o de leitos em Alagoas subiu de 38% para 44% nas \u00faltimas 24h. A informa\u00e7\u00e3o foi divulgada no boletim epidemiol\u00f3gico da Secretaria de Estado da Sa\u00fade (Sesau) deste s\u00e1bado (12). Entre os leitos de UTI a taxa de ocupa\u00e7\u00e3o tamb\u00e9m subiu de 50% para 53%.<\/p>\n<p>Dos 563 leitos criados pela Secretaria de Estado da Sa\u00fade (Sesau) para atender, exclusivamente, pacientes com suspeita e confirma\u00e7\u00e3o de infec\u00e7\u00e3o pelo novo coronav\u00edrus, 245 estavam ocupados at\u00e9 \u00e0s 17h da sexta (11). O boletim anterior mostrava 206 leitos ocupados.<\/p>\n<p>Ainda segundo o boletim, Alagoas chegou a 98.117 casos confirmados da Covid-19. Foram mais 229 registros nas \u00faltimas 24h. Tr\u00eas pessoas morreram e o n\u00famero de \u00f3bitos agora \u00e9 2.372.<\/p>\n<p>Depois do aumento expressivo registrado na quinta (11), o n\u00famero de casos suspeitos se manteve: 9.072 sob investiga\u00e7\u00e3o laboratorial. Do total de casos confirmados, 93.835 pessoas j\u00e1 finalizaram o per\u00edodo de isolamento, n\u00e3o apresentam mais sintomas e, portanto, est\u00e3o recuperados da doen\u00e7a.<\/p>\n<p><strong>Mais tr\u00eas mortes em Alagoas por Covid-19<\/strong><\/p>\n<p>Macei\u00f3: Homem, 52 anos &#8211; Sem comorbidades<br \/>\nMinador do Negr\u00e3o: Homem, 61 anos &#8211; Card\u00edaco cr\u00f4nico<br \/>\nDelmiro Gouveia: Homem, 66 anos &#8211; Sem comorbidades<\/p>\n<p>&nbsp;<\/p>\n<p><strong>Fonte: G1\/AL<\/strong><\/p>\n<p>&nbsp;<\/p>\n","protected":false},"excerpt":{"rendered":"<p>A taxa de ocupa\u00e7\u00e3o de leitos em Alagoas subiu de 38% para 44% nas \u00faltimas 24h. A informa\u00e7\u00e3o foi divulgada no boletim epidemiol\u00f3gico da Secretaria de Estado da Sa\u00fade (Sesau) deste s\u00e1bado (12). Entre os leitos de UTI a taxa de ocupa\u00e7\u00e3o tamb\u00e9m subiu de 50% para 53%. Dos 563 leitos criados pela Secretaria de &hellip;<\/p>\n","protected":false},"author":1,"featured_media":11315,"comment_status":"open","ping_status":"open","sticky":false,"template":"","format":"standard","meta":{"_jetpack_newsletter_access":"","_jetpack_dont_email_post_to_subs":false,"_jetpack_newsletter_tier_id":0,"_jetpack_memberships_contains_paywalled_content":false,"_jetpack_memberships_contains_paid_content":false,"footnotes":""},"categories":[1],"tags":[],"class_list":["post-11314","post","type-post","status-publish","format-standard","has-post-thumbnail","hentry","category-destaque"],"jetpack_sharing_enabled":true,"jetpack_featured_media_url":"","_links":{"self":[{"href":"https:\/\/www.oparanews.com.br\/index.php\/wp-json\/wp\/v2\/posts\/11314","targetHints":{"allow":["GET"]}}],"collection":[{"href":"https:\/\/www.oparanews.com.br\/index.php\/wp-json\/wp\/v2\/posts"}],"about":[{"href":"https:\/\/www.oparanews.com.br\/index.php\/wp-json\/wp\/v2\/types\/post"}],"author":[{"embeddable":true,"href":"https:\/\/www.oparanews.com.br\/index.php\/wp-json\/wp\/v2\/users\/1"}],"replies":[{"embeddable":true,"href":"https:\/\/www.oparanews.com.br\/index.php\/wp-json\/wp\/v2\/comments?post=11314"}],"version-history":[{"count":0,"href":"https:\/\/www.oparanews.com.br\/index.php\/wp-json\/wp\/v2\/posts\/11314\/revisions"}],"wp:attachment":[{"href":"https:\/\/www.oparanews.com.br\/index.php\/wp-json\/wp\/v2\/media?parent=11314"}],"wp:term":[{"taxonomy":"category","embeddable":true,"href":"https:\/\/www.oparanews.com.br\/index.php\/wp-json\/wp\/v2\/categories?post=11314"},{"taxonomy":"post_tag","embeddable":true,"href":"https:\/\/www.oparanews.com.br\/index.php\/wp-json\/wp\/v2\/tags?post=11314"}],"curies":[{"name":"wp","href":"https:\/\/api.w.org\/{rel}","templated":true}]}}