{"id":11329,"date":"2020-12-13T18:06:19","date_gmt":"2020-12-13T18:06:19","guid":{"rendered":"https:\/\/oparanews.com.br\/?p=11329"},"modified":"2020-12-13T18:06:19","modified_gmt":"2020-12-13T18:06:19","slug":"conclusao-do-ano-letivo-2020-da-rede-estadual-deve-ser-em-janeiro","status":"publish","type":"post","link":"https:\/\/www.oparanews.com.br\/index.php\/2020\/12\/13\/conclusao-do-ano-letivo-2020-da-rede-estadual-deve-ser-em-janeiro\/","title":{"rendered":"Conclus\u00e3o do ano letivo 2020 da rede estadual deve ser em janeiro"},"content":{"rendered":"<p>A Secretaria de Estado da Educa\u00e7\u00e3o (Seduc) anunciou que ano letivo de 2020 da rede estadual ser\u00e1 finalizado em janeiro de 2021.<\/p>\n<p>A informa\u00e7\u00e3o foi confirmada ao TNH1 pela assessoria de comunica\u00e7\u00e3o da Seduc. Por meio de nota, a pasta informou ainda que os alunos da rede n\u00e3o ser\u00e3o prejudicados pela pandemia da covid-19. Uma portaria de regulamenta\u00e7\u00e3o ser\u00e1 divulgada ainda este m\u00eas.<\/p>\n<p>&#8220;Nenhum aluno da rede estadual ser\u00e1 prejudicado pela pandemia e a Seduc, ainda em dezembro, divulgar\u00e1 uma portaria regulamentando e orientando toda a rede estadual, que tem previs\u00e3o de conclus\u00e3o do ano letivo 2020 para o final de janeiro do pr\u00f3ximo ano&#8221;, disse.<\/p>\n<p>Afastado de suas atividades na sede da Seduc, o secret\u00e1rio F\u00e1bio Guedes, segue mantendo di\u00e1logo remoto com representantes das redes privada e p\u00fablica nas esferas municipal e estadual. O objetivo \u00e9 que o retorno das aulas seja autorizado o mais breve poss\u00edvel.<\/p>\n<p>&#8220;O secret\u00e1rio de educa\u00e7\u00e3o do Estado, professor, F\u00e1bio Guedes, mant\u00e9m di\u00e1logo permanente com representantes das redes de educa\u00e7\u00e3o b\u00e1sica de Alagoas &#8211; privada e p\u00fablica, estadual e municipais &#8211; para garantir a conclus\u00e3o do ano letivo 2020 e a retomada das aulas presenciais&#8221;<br \/>\n, confirmou a assessoria de comunica\u00e7\u00e3o.<\/p>\n<p>O retorno das aulas dever\u00e1 ocorrer de acordo com calend\u00e1rio elaborado por cada rede, que ter\u00e1 que adotar o modelo h\u00edbrido de ensino, com parte das aulas presenciais e outra n\u00e3o presenciais.<\/p>\n<p>&#8220;Cada rede ter\u00e1 autonomia para seguir seu pr\u00f3prio calend\u00e1rio. A expectativa \u00e9 que as atividades escolares desenvolvidas no modelo h\u00edbrido, a partir de janeiro de 2021, levando em conta todos os meios que possam garantir a acessibilidade dos estudantes ao ensino e aprendizagem e, ainda, com a observ\u00e2ncia dos protocolos sanit\u00e1rios, para garantir seguran\u00e7a e sa\u00fade a todos&#8221;, concluiu.<\/p>\n<p>&nbsp;<\/p>\n<p><strong>Fonte: TNH1<\/strong><\/p>\n<p>&nbsp;<\/p>\n","protected":false},"excerpt":{"rendered":"<p>A Secretaria de Estado da Educa\u00e7\u00e3o (Seduc) anunciou que ano letivo de 2020 da rede estadual ser\u00e1 finalizado em janeiro de 2021. A informa\u00e7\u00e3o foi confirmada ao TNH1 pela assessoria de comunica\u00e7\u00e3o da Seduc. Por meio de nota, a pasta informou ainda que os alunos da rede n\u00e3o ser\u00e3o prejudicados pela pandemia da covid-19. Uma &hellip;<\/p>\n","protected":false},"author":1,"featured_media":11330,"comment_status":"open","ping_status":"open","sticky":false,"template":"","format":"standard","meta":{"_jetpack_newsletter_access":"","_jetpack_dont_email_post_to_subs":false,"_jetpack_newsletter_tier_id":0,"_jetpack_memberships_contains_paywalled_content":false,"_jetpack_memberships_contains_paid_content":false,"footnotes":""},"categories":[1],"tags":[],"class_list":["post-11329","post","type-post","status-publish","format-standard","has-post-thumbnail","hentry","category-destaque"],"jetpack_sharing_enabled":true,"jetpack_featured_media_url":"","_links":{"self":[{"href":"https:\/\/www.oparanews.com.br\/index.php\/wp-json\/wp\/v2\/posts\/11329","targetHints":{"allow":["GET"]}}],"collection":[{"href":"https:\/\/www.oparanews.com.br\/index.php\/wp-json\/wp\/v2\/posts"}],"about":[{"href":"https:\/\/www.oparanews.com.br\/index.php\/wp-json\/wp\/v2\/types\/post"}],"author":[{"embeddable":true,"href":"https:\/\/www.oparanews.com.br\/index.php\/wp-json\/wp\/v2\/users\/1"}],"replies":[{"embeddable":true,"href":"https:\/\/www.oparanews.com.br\/index.php\/wp-json\/wp\/v2\/comments?post=11329"}],"version-history":[{"count":0,"href":"https:\/\/www.oparanews.com.br\/index.php\/wp-json\/wp\/v2\/posts\/11329\/revisions"}],"wp:attachment":[{"href":"https:\/\/www.oparanews.com.br\/index.php\/wp-json\/wp\/v2\/media?parent=11329"}],"wp:term":[{"taxonomy":"category","embeddable":true,"href":"https:\/\/www.oparanews.com.br\/index.php\/wp-json\/wp\/v2\/categories?post=11329"},{"taxonomy":"post_tag","embeddable":true,"href":"https:\/\/www.oparanews.com.br\/index.php\/wp-json\/wp\/v2\/tags?post=11329"}],"curies":[{"name":"wp","href":"https:\/\/api.w.org\/{rel}","templated":true}]}}