{"id":11336,"date":"2020-12-14T16:38:47","date_gmt":"2020-12-14T16:38:47","guid":{"rendered":"https:\/\/oparanews.com.br\/?p=11336"},"modified":"2020-12-14T16:38:47","modified_gmt":"2020-12-14T16:38:47","slug":"livro-toinho-pescador-um-poeta-de-penedo-e-lancado-oficialmente-na-marina-publica","status":"publish","type":"post","link":"https:\/\/www.oparanews.com.br\/index.php\/2020\/12\/14\/livro-toinho-pescador-um-poeta-de-penedo-e-lancado-oficialmente-na-marina-publica\/","title":{"rendered":"Livro Toinho Pescador: Um Poeta de Penedo \u00e9 lan\u00e7ado oficialmente na Marina P\u00fablica"},"content":{"rendered":"<p>A Marina P\u00fablica de Penedo e as belezas naturais do Rio S\u00e3o Francisco foram o cen\u00e1rio para o lan\u00e7amento do Livro: Toinho Pescador: Um poeta de Penedo, na tarde deste s\u00e1bado (12).<\/p>\n<p>O livro conta a hist\u00f3ria do ativista ambiental e um dos principais defensores do Rio S\u00e3o Francisco, Ant\u00f4nio Gomes dos Santos, mais conhecido como Toinho Pescador, atualmente com 87 anos de idade.<\/p>\n<p>Participaram do lan\u00e7amento do livro: familiares de Toinho Pescador, a autora do livro Maria de F\u00e1tima Pereira de S\u00e1, O Secret\u00e1rio Estadual de Comunica\u00e7\u00e3o, \u00canio Lins, autoridades municipais, entre outros.<\/p>\n<p><strong>Solenidade<\/strong><\/p>\n<p>Inicialmente foi relatado para o p\u00fablico presente um hist\u00f3rico sobre a vida de Toinho Pescador, como ele come\u00e7ou a pescar e tamb\u00e9m iniciou sua participa\u00e7\u00e3o nas denominadas Comunidades Eclesi\u00e1sticas de Base, da Igreja Cat\u00f3lica, quando ent\u00e3o teve in\u00edcio sua luta em defesa dos pescadores artesanais, em 1969.<\/p>\n<p>O historiador Geraldo de Magela que orientou o processo de escrita do livro e redigiu o seu pref\u00e1cio afirmou na ocasi\u00e3o, que Toinho Pescador \u00e9 uma refer\u00eancia na defesa da pesca e das quest\u00f5es ambientais a cerca de 40 anos, \u00e9poca em que o pa\u00eds ainda vivia sob regime militar.<\/p>\n<p>\u201c A lideran\u00e7a do Toinho foi crescendo de acordo com o tempo, contribuindo para conseguir colocar na constitui\u00e7\u00e3o de 1988 as reivindica\u00e7\u00f5es dos pescadores\u201d, explicou.<\/p>\n<p>O Secretario Estadual da Comunica\u00e7\u00e3o, Enio Lins, que escreveu os espa\u00e7os da \u2018orelha\u2019 e da quarta capa do livro tamb\u00e9m fez uso da palavra e na oportunidade destacou a import\u00e2ncia de Toinho Pescador, como representante das camadas populares no Brasil, sendo esse um diferencial na luta em defesa das quest\u00f5es ambientais e sociais.<\/p>\n<p>\u201cSeu Toinho Pescador \u00e9 um \u00edcone vivo e ativo que ultrapassou os limites de Penedo, Alagoas e at\u00e9 mesmo foi al\u00e9m do Velho Chico, rio a quem a vida deu presentes pessoas guardi\u00e3s como esse pescador penedense. Um dos principais representantes da classe popular e trabalhadora do Brasil\u201d, afirmou.<\/p>\n<p>A Autora do livro e Engenheira de Pesca Maria de F\u00e1tima Pereira de S\u00e1, falou dos desafios na composi\u00e7\u00e3o da obra, cujo as informa\u00e7\u00f5es presentes foram repassadas pelo pr\u00f3prio Toinho Pescador, por meio de um manuscrito e tamb\u00e9m fruto de uma pesquisa aprofundada, resultado de meses de muito trabalho.<\/p>\n<p>Finalizando a solenidade foi passada a palavra para o Toinho Pescador, tema do livro rec\u00e9m lan\u00e7ado e principal defensor do Rio S\u00e3o Francisco e dos pescadores.<\/p>\n<p>Ele contou um pouco de suas lutas em defesa do rio e declamou uma das diversas poesias que escreveu, retratando a situa\u00e7\u00e3o do S\u00e3o Francisco nos \u00faltimos anos em compara\u00e7\u00e3o a como era antigamente.<\/p>\n<p>&nbsp;<\/p>\n<p><strong>por Thiago Sobral &#8211; Decom (PMP)<\/strong><\/p>\n<p>&nbsp;<\/p>\n","protected":false},"excerpt":{"rendered":"<p>A Marina P\u00fablica de Penedo e as belezas naturais do Rio S\u00e3o Francisco foram o cen\u00e1rio para o lan\u00e7amento do Livro: Toinho Pescador: Um poeta de Penedo, na tarde deste s\u00e1bado (12). O livro conta a hist\u00f3ria do ativista ambiental e um dos principais defensores do Rio S\u00e3o Francisco, Ant\u00f4nio Gomes dos Santos, mais conhecido &hellip;<\/p>\n","protected":false},"author":1,"featured_media":11337,"comment_status":"open","ping_status":"open","sticky":false,"template":"","format":"standard","meta":{"_jetpack_newsletter_access":"","_jetpack_dont_email_post_to_subs":false,"_jetpack_newsletter_tier_id":0,"_jetpack_memberships_contains_paywalled_content":false,"_jetpack_memberships_contains_paid_content":false,"footnotes":""},"categories":[1],"tags":[],"class_list":["post-11336","post","type-post","status-publish","format-standard","has-post-thumbnail","hentry","category-destaque"],"jetpack_sharing_enabled":true,"jetpack_featured_media_url":"","_links":{"self":[{"href":"https:\/\/www.oparanews.com.br\/index.php\/wp-json\/wp\/v2\/posts\/11336","targetHints":{"allow":["GET"]}}],"collection":[{"href":"https:\/\/www.oparanews.com.br\/index.php\/wp-json\/wp\/v2\/posts"}],"about":[{"href":"https:\/\/www.oparanews.com.br\/index.php\/wp-json\/wp\/v2\/types\/post"}],"author":[{"embeddable":true,"href":"https:\/\/www.oparanews.com.br\/index.php\/wp-json\/wp\/v2\/users\/1"}],"replies":[{"embeddable":true,"href":"https:\/\/www.oparanews.com.br\/index.php\/wp-json\/wp\/v2\/comments?post=11336"}],"version-history":[{"count":0,"href":"https:\/\/www.oparanews.com.br\/index.php\/wp-json\/wp\/v2\/posts\/11336\/revisions"}],"wp:attachment":[{"href":"https:\/\/www.oparanews.com.br\/index.php\/wp-json\/wp\/v2\/media?parent=11336"}],"wp:term":[{"taxonomy":"category","embeddable":true,"href":"https:\/\/www.oparanews.com.br\/index.php\/wp-json\/wp\/v2\/categories?post=11336"},{"taxonomy":"post_tag","embeddable":true,"href":"https:\/\/www.oparanews.com.br\/index.php\/wp-json\/wp\/v2\/tags?post=11336"}],"curies":[{"name":"wp","href":"https:\/\/api.w.org\/{rel}","templated":true}]}}