{"id":11339,"date":"2020-12-14T16:40:49","date_gmt":"2020-12-14T16:40:49","guid":{"rendered":"https:\/\/oparanews.com.br\/?p=11339"},"modified":"2020-12-14T16:40:49","modified_gmt":"2020-12-14T16:40:49","slug":"pre-matricula-de-novatos-da-rede-estadual-tera-inicio-em-janeiro","status":"publish","type":"post","link":"https:\/\/www.oparanews.com.br\/index.php\/2020\/12\/14\/pre-matricula-de-novatos-da-rede-estadual-tera-inicio-em-janeiro\/","title":{"rendered":"Pr\u00e9-matr\u00edcula de novatos da rede estadual ter\u00e1 in\u00edcio em janeiro"},"content":{"rendered":"<p>A Secretaria de Estado da Educa\u00e7\u00e3o (Seduc) divulgou nesta segunda-feira (14) as datas da matr\u00edcula da rede estadual de ensino para o ano letivo de 2021. Tanto a pr\u00e9-matr\u00edcula de novatos como a renova\u00e7\u00e3o dos alunos que j\u00e1 estudam na rede acontecem no m\u00eas de janeiro. O cronograma completo pode ser conferido na portaria publicada hoje no Di\u00e1rio Oficial do Estado (DOE) e tamb\u00e9m dispon\u00edvel no site da Seduc (<a href=\"http:\/\/www.educacao.al.gov.br\/\"><strong>www.educacao.al.gov.br<\/strong><\/a>).<\/p>\n<p>A renova\u00e7\u00e3o de matr\u00edcula dos 170 mil alunos que j\u00e1 estudam nas escolas estaduais ocorre no per\u00edodo de 04 a 07 de janeiro de 2021. No caso de transfer\u00eancia interna entre escolas da rede estadual, o estudante ou seu respons\u00e1vel deve procurar a unidade de ensino onde est\u00e1 atualmente matriculado para solicitar a mudan\u00e7a para a nova escola. Esse procedimento deve ser feito no per\u00edodo de 04 a 06 de janeiro de 2021.<\/p>\n<p>Novatos \u2013 Para os estudantes novatos \u2013 oriundos de outras redes de ensino \u2013, a pr\u00e9-matr\u00edcula deve ser efetuada no site da matr\u00edcula on-line no per\u00edodo de 08 a 15 de janeiro de 2021 pelo site <a href=\"http:\/\/www.matriculaonline.al.gov.br\/\"><strong>www.matriculaonline.al.gov.br<\/strong><\/a> . Na ocasi\u00e3o, haver\u00e1 o preenchimento de um formul\u00e1rio eletr\u00f4nico com a escolha de tr\u00eas op\u00e7\u00f5es de escola.<\/p>\n<p>A pr\u00e9-matr\u00edcula contempla as seguintes s\u00e9ries: 1\u00ba e 6\u00ba anos do ensino fundamental; 1\u00aa s\u00e9rie do m\u00e9dio integral; 1\u00ba e 5\u00ba per\u00edodos do turno diurno do EJA fundamental; 1\u00ba e 6\u00ba per\u00edodos do turno noturno do EJA fundamental e 1\u00ba per\u00edodo do EJA m\u00e9dio. A idade m\u00ednima exigida para matr\u00edcula no EJA fundamental \u00e9 de 15 anos, enquanto para o m\u00e9dio \u00e9 de 18 anos.<\/p>\n<p>Para as demais s\u00e9ries, o interessado deve procurar a escola mais pr\u00f3xima para saber se a mesma possui vagas.<\/p>\n<p>Resultados \u2013 Efetuada a pr\u00e9-matr\u00edcula, o interessado deve retornar ao site da matr\u00edcula online no per\u00edodo de 22 a 25 de janeiro para saber em qual escola o candidato foi alocado. A confirma\u00e7\u00e3o presencial de matr\u00edcula, com a entrega de documenta\u00e7\u00e3o do aluno na unidade de ensino selecionada, acontece de 25 a 29 de janeiro. Este procedimento \u00e9 essencial para a garantia da vaga.<\/p>\n<p>Ainda segundo a portaria, a pr\u00e9-matr\u00edcula de vagas n\u00e3o preenchidas (remanescentes) ser\u00e1 realizada nos dias 02 e 03 de fevereiro pelo site da matr\u00edcula on-line.<\/p>\n<p>&nbsp;<\/p>\n<p><strong>Fonte: Ag\u00eancia Alagoas<\/strong><\/p>\n<p>&nbsp;<\/p>\n","protected":false},"excerpt":{"rendered":"<p>A Secretaria de Estado da Educa\u00e7\u00e3o (Seduc) divulgou nesta segunda-feira (14) as datas da matr\u00edcula da rede estadual de ensino para o ano letivo de 2021. Tanto a pr\u00e9-matr\u00edcula de novatos como a renova\u00e7\u00e3o dos alunos que j\u00e1 estudam na rede acontecem no m\u00eas de janeiro. O cronograma completo pode ser conferido na portaria publicada &hellip;<\/p>\n","protected":false},"author":1,"featured_media":11340,"comment_status":"open","ping_status":"open","sticky":false,"template":"","format":"standard","meta":{"_jetpack_newsletter_access":"","_jetpack_dont_email_post_to_subs":false,"_jetpack_newsletter_tier_id":0,"_jetpack_memberships_contains_paywalled_content":false,"_jetpack_memberships_contains_paid_content":false,"footnotes":""},"categories":[1],"tags":[],"class_list":["post-11339","post","type-post","status-publish","format-standard","has-post-thumbnail","hentry","category-destaque"],"jetpack_sharing_enabled":true,"jetpack_featured_media_url":"","_links":{"self":[{"href":"https:\/\/www.oparanews.com.br\/index.php\/wp-json\/wp\/v2\/posts\/11339","targetHints":{"allow":["GET"]}}],"collection":[{"href":"https:\/\/www.oparanews.com.br\/index.php\/wp-json\/wp\/v2\/posts"}],"about":[{"href":"https:\/\/www.oparanews.com.br\/index.php\/wp-json\/wp\/v2\/types\/post"}],"author":[{"embeddable":true,"href":"https:\/\/www.oparanews.com.br\/index.php\/wp-json\/wp\/v2\/users\/1"}],"replies":[{"embeddable":true,"href":"https:\/\/www.oparanews.com.br\/index.php\/wp-json\/wp\/v2\/comments?post=11339"}],"version-history":[{"count":0,"href":"https:\/\/www.oparanews.com.br\/index.php\/wp-json\/wp\/v2\/posts\/11339\/revisions"}],"wp:attachment":[{"href":"https:\/\/www.oparanews.com.br\/index.php\/wp-json\/wp\/v2\/media?parent=11339"}],"wp:term":[{"taxonomy":"category","embeddable":true,"href":"https:\/\/www.oparanews.com.br\/index.php\/wp-json\/wp\/v2\/categories?post=11339"},{"taxonomy":"post_tag","embeddable":true,"href":"https:\/\/www.oparanews.com.br\/index.php\/wp-json\/wp\/v2\/tags?post=11339"}],"curies":[{"name":"wp","href":"https:\/\/api.w.org\/{rel}","templated":true}]}}