{"id":11342,"date":"2020-12-15T01:18:41","date_gmt":"2020-12-15T01:18:41","guid":{"rendered":"https:\/\/oparanews.com.br\/?p=11342"},"modified":"2020-12-15T01:18:41","modified_gmt":"2020-12-15T01:18:41","slug":"morre-paulinho-vocalista-do-roupa-nova-aos-68-anos","status":"publish","type":"post","link":"https:\/\/www.oparanews.com.br\/index.php\/2020\/12\/15\/morre-paulinho-vocalista-do-roupa-nova-aos-68-anos\/","title":{"rendered":"Morre Paulinho, vocalista do Roupa Nova, aos 68 anos"},"content":{"rendered":"<p>O cantor Paulo C\u00e9sar Santos, o Paulinho do Roupa Nova, morreu nesta segunda-feira, 14, aos 68 anos. Ele estava internado em um hospital na zona sul do Rio. A interna\u00e7\u00e3o veio a p\u00fablico no \u00faltimo dia 4 de novembro, quando ele testou positivo para a covid-19, doen\u00e7a causada pelo novo coronav\u00edrus. Na ocasi\u00e3o, ele j\u00e1 estava h\u00e1 cerca de dois meses se recuperando de um transplante de medula \u00f3ssea no Complexo Hospitalar de Niter\u00f3i (CHN).<\/p>\n<p>Paulinho chamava-se, de batismo, Paulo C\u00e9sar dos Santos. Nascido no Rio a 6 de setembro de 1952, era percussionista e vocalista do Roupa Nova, apesar de ser mais conhecido por suas interpreta\u00e7\u00f5es. Sua hist\u00f3ria na m\u00fasica come\u00e7a ainda na d\u00e9cada de 1970, quando passa a formar a banda de bailes Los Panchos Villa, com os tamb\u00e9m amigos de Roupa Nova Kiko e Feghali. Depois de um convite feito por um dos integrantes do grupo Os Famks, migrou de conjunto e levou consigo o guitarrista Kiko.<\/p>\n<p>Uma das vozes mais potentes do Roupa Nova, ele tinha como sucessos obrigat\u00f3rios de serem cantados nos shows can\u00e7\u00f5es como Can\u00e7\u00e3o de Ver\u00e3o, Clarear, Sensual, Volta pra mim, Whisky a Go-Go, Linda Demais, Meu Universo \u00c9 Voc\u00ea, De volta pro futuro, Asas do Prazer, Os Cora\u00e7\u00f5es n\u00e3o S\u00e3o iguais, Maria Maria e Felicidade, dentre v\u00e1rias outras. Ele chegou a gravar com o Roupa Nova vocais com importantes nomes da m\u00fasica, como o grupo The Commodores, em Esse Tal de Repi Enroll. Ivete Sangalo (em O Sal da Terra) e Elba Ramalho (em F\u00e9 Cega, Faca Amolada) tamb\u00e9m fizeram parcerias, al\u00e9m de Marjorie Estiano, Fresno, Zez\u00e9 Di Camargo e Luciano, Marcos e Belutti, Tico Santa Cruz e Ang\u00e9lica, mostrando o poder de alcance que sua voz tinha a frente do grupo.<\/p>\n<p>Um dos raros momentos em que se afastou do grupo foi em 2009, quando, alegando problemas de sa\u00fade, foi substitu\u00eddo pelo ex-vocalista da banda R\u00e1dio T\u00e1xi, Maur\u00edcio Gasperini, em tr\u00eas shows do Roupa Nova. Ele \u00e9 um dos membros fundadores do grupo, que mant\u00e9m sua forma\u00e7\u00e3o original h\u00e1 mais de 40 anos. Em 2009, veio um Grammy Latino na categoria melhor \u00e1lbum pop contempor\u00e2neo brasileiro, concorrendo com Rita Lee, Ivete Sangalo, Skank e Jota Quest.<\/p>\n<p>&nbsp;<\/p>\n<p><strong>Fonte: Terra<\/strong><\/p>\n<p>&nbsp;<\/p>\n","protected":false},"excerpt":{"rendered":"<p>O cantor Paulo C\u00e9sar Santos, o Paulinho do Roupa Nova, morreu nesta segunda-feira, 14, aos 68 anos. Ele estava internado em um hospital na zona sul do Rio. A interna\u00e7\u00e3o veio a p\u00fablico no \u00faltimo dia 4 de novembro, quando ele testou positivo para a covid-19, doen\u00e7a causada pelo novo coronav\u00edrus. Na ocasi\u00e3o, ele j\u00e1 &hellip;<\/p>\n","protected":false},"author":1,"featured_media":11343,"comment_status":"open","ping_status":"open","sticky":false,"template":"","format":"standard","meta":{"_jetpack_newsletter_access":"","_jetpack_dont_email_post_to_subs":false,"_jetpack_newsletter_tier_id":0,"_jetpack_memberships_contains_paywalled_content":false,"_jetpack_memberships_contains_paid_content":false,"footnotes":""},"categories":[1],"tags":[],"class_list":["post-11342","post","type-post","status-publish","format-standard","has-post-thumbnail","hentry","category-destaque"],"jetpack_sharing_enabled":true,"jetpack_featured_media_url":"","_links":{"self":[{"href":"https:\/\/www.oparanews.com.br\/index.php\/wp-json\/wp\/v2\/posts\/11342","targetHints":{"allow":["GET"]}}],"collection":[{"href":"https:\/\/www.oparanews.com.br\/index.php\/wp-json\/wp\/v2\/posts"}],"about":[{"href":"https:\/\/www.oparanews.com.br\/index.php\/wp-json\/wp\/v2\/types\/post"}],"author":[{"embeddable":true,"href":"https:\/\/www.oparanews.com.br\/index.php\/wp-json\/wp\/v2\/users\/1"}],"replies":[{"embeddable":true,"href":"https:\/\/www.oparanews.com.br\/index.php\/wp-json\/wp\/v2\/comments?post=11342"}],"version-history":[{"count":0,"href":"https:\/\/www.oparanews.com.br\/index.php\/wp-json\/wp\/v2\/posts\/11342\/revisions"}],"wp:attachment":[{"href":"https:\/\/www.oparanews.com.br\/index.php\/wp-json\/wp\/v2\/media?parent=11342"}],"wp:term":[{"taxonomy":"category","embeddable":true,"href":"https:\/\/www.oparanews.com.br\/index.php\/wp-json\/wp\/v2\/categories?post=11342"},{"taxonomy":"post_tag","embeddable":true,"href":"https:\/\/www.oparanews.com.br\/index.php\/wp-json\/wp\/v2\/tags?post=11342"}],"curies":[{"name":"wp","href":"https:\/\/api.w.org\/{rel}","templated":true}]}}