{"id":11351,"date":"2020-12-15T01:23:15","date_gmt":"2020-12-15T01:23:15","guid":{"rendered":"https:\/\/oparanews.com.br\/?p=11351"},"modified":"2020-12-15T01:23:15","modified_gmt":"2020-12-15T01:23:15","slug":"colegio-eleitoral-confirma-biden-como-presidente-dos-eua","status":"publish","type":"post","link":"https:\/\/www.oparanews.com.br\/index.php\/2020\/12\/15\/colegio-eleitoral-confirma-biden-como-presidente-dos-eua\/","title":{"rendered":"Col\u00e9gio Eleitoral confirma Biden como presidente dos EUA"},"content":{"rendered":"<p>O Col\u00e9gio Eleitoral dos Estados Unidos oficializou, nesta segunda-feira (14), a vit\u00f3ria de Joe Biden na elei\u00e7\u00e3o presidencial americana de 3 de novembro.<\/p>\n<p>Os delegados se reuniram em seus respectivos estados para escolher formalmente o democrata como o 46\u00ba presidente dos Estados Unidos e Kamala Harris como vice, ap\u00f3s 41 dias do pleito.<\/p>\n<p>Agora, as c\u00e9dulas ser\u00e3o enviadas para Washington, onde ser\u00e3o formalmente recebidas em uma cerim\u00f4nia solene em janeiro no Congresso americano. A posse de Biden est\u00e1 prevista para 20 de janeiro de 2021.<\/p>\n<p>Biden e Harris ultrapassaram oficialmente os 270 votos m\u00ednimos no Col\u00e9gio Eleitoral para vencer a disputa contra o atual presidente Donald Trump, ap\u00f3s os 55 votos da Calif\u00f3rnia.<\/p>\n<p>Ao todo, a dupla deve conquistar os 306 delegados, contra 232 do republicano. O n\u00famero \u00e9 o mesmo que havia sido projetado pela imprensa americana.<\/p>\n<p>Os resultados da vota\u00e7\u00e3o j\u00e1 haviam sido certificados pelos 50 estados americanos, assim como pelo Distrito de Columbia, capital de Washington.<\/p>\n<p>Biden foi declarado eleito no pleito pelas tradicionais proje\u00e7\u00f5es realizadas no pa\u00eds no \u00faltimo dia 7 de novembro, ap\u00f3s atingir os 270 votos necess\u00e1rios no Col\u00e9gio Eleitoral. A vota\u00e7\u00e3o de hoje, por\u00e9m, \u00e9 considerada apenas como uma formalidade, mas chamou aten\u00e7\u00e3o, principalmente, devido \u00e0 recusa de Trump em reconhecer sua derrota e \u00e0 insist\u00eancia de alegar fraude eleitoral.<\/p>\n<p>A expectativa \u00e9 de que o ex-vice de Barack Obama fa\u00e7a um pronunciamento na noite desta segunda. Em antecipa\u00e7\u00e3o ao discurso, Biden afirmou que &#8220;a chama da democracia se acendeu nesta na\u00e7\u00e3o h\u00e1 muito tempo&#8221;. &#8220;Agora sabemos que nada, nem mesmo uma pandemia ou abuso de poder, pode apagar essa chama&#8221;.<\/p>\n<p>&nbsp;<\/p>\n<p><strong>Fonte: Terra<\/strong><\/p>\n<p>&nbsp;<\/p>\n","protected":false},"excerpt":{"rendered":"<p>O Col\u00e9gio Eleitoral dos Estados Unidos oficializou, nesta segunda-feira (14), a vit\u00f3ria de Joe Biden na elei\u00e7\u00e3o presidencial americana de 3 de novembro. Os delegados se reuniram em seus respectivos estados para escolher formalmente o democrata como o 46\u00ba presidente dos Estados Unidos e Kamala Harris como vice, ap\u00f3s 41 dias do pleito. Agora, as &hellip;<\/p>\n","protected":false},"author":1,"featured_media":11352,"comment_status":"open","ping_status":"open","sticky":false,"template":"","format":"standard","meta":{"_jetpack_newsletter_access":"","_jetpack_dont_email_post_to_subs":false,"_jetpack_newsletter_tier_id":0,"_jetpack_memberships_contains_paywalled_content":false,"_jetpack_memberships_contains_paid_content":false,"footnotes":""},"categories":[1],"tags":[],"class_list":["post-11351","post","type-post","status-publish","format-standard","has-post-thumbnail","hentry","category-destaque"],"jetpack_sharing_enabled":true,"jetpack_featured_media_url":"","_links":{"self":[{"href":"https:\/\/www.oparanews.com.br\/index.php\/wp-json\/wp\/v2\/posts\/11351","targetHints":{"allow":["GET"]}}],"collection":[{"href":"https:\/\/www.oparanews.com.br\/index.php\/wp-json\/wp\/v2\/posts"}],"about":[{"href":"https:\/\/www.oparanews.com.br\/index.php\/wp-json\/wp\/v2\/types\/post"}],"author":[{"embeddable":true,"href":"https:\/\/www.oparanews.com.br\/index.php\/wp-json\/wp\/v2\/users\/1"}],"replies":[{"embeddable":true,"href":"https:\/\/www.oparanews.com.br\/index.php\/wp-json\/wp\/v2\/comments?post=11351"}],"version-history":[{"count":0,"href":"https:\/\/www.oparanews.com.br\/index.php\/wp-json\/wp\/v2\/posts\/11351\/revisions"}],"wp:attachment":[{"href":"https:\/\/www.oparanews.com.br\/index.php\/wp-json\/wp\/v2\/media?parent=11351"}],"wp:term":[{"taxonomy":"category","embeddable":true,"href":"https:\/\/www.oparanews.com.br\/index.php\/wp-json\/wp\/v2\/categories?post=11351"},{"taxonomy":"post_tag","embeddable":true,"href":"https:\/\/www.oparanews.com.br\/index.php\/wp-json\/wp\/v2\/tags?post=11351"}],"curies":[{"name":"wp","href":"https:\/\/api.w.org\/{rel}","templated":true}]}}