{"id":11371,"date":"2020-12-15T01:44:00","date_gmt":"2020-12-15T01:44:00","guid":{"rendered":"https:\/\/oparanews.com.br\/?p=11371"},"modified":"2020-12-15T01:44:00","modified_gmt":"2020-12-15T01:44:00","slug":"carnaval-2021-veja-a-ordem-dos-desfiles-das-escolas-do-grupo-especial","status":"publish","type":"post","link":"https:\/\/www.oparanews.com.br\/index.php\/2020\/12\/15\/carnaval-2021-veja-a-ordem-dos-desfiles-das-escolas-do-grupo-especial\/","title":{"rendered":"Carnaval 2021: veja a ordem dos desfiles das escolas do grupo especial"},"content":{"rendered":"<p>A Liga Independente das Escolas de Samba (Liesa) definiu hoje \u00e0 tarde (14) a ordem dos desfiles das escolas de samba do grupo especial no carnaval de 2021 que vai ocorrer no domingo (11) e segunda-feira (12) de julho, na Passarela do Samba da Marqu\u00eas de Sapuca\u00ed.<\/p>\n<p>O sorteio aconteceu apenas com a presen\u00e7a dos presidentes das agremia\u00e7\u00f5es. No domingo desfilar\u00e3o Imperatriz Leopoldinense, Mangueira, Salgueiro, S\u00e3o Clemente, Viradouro e Beija-Flor.<\/p>\n<p>J\u00e1 na segunda-feira, abrir\u00e1 o desfile, a Para\u00edso do Tuiuti, seguida da Portela, Mocidade, Unidos da Tijuca, Grande Rio e Vila Isabel.<\/p>\n<p>De acordo com o regulamento da Liesa, duas agremia\u00e7\u00f5es j\u00e1 tinham suas posi\u00e7\u00f5es estabelecidas: a Imperatriz Leopoldinense, campe\u00e3 do Grupo de Acesso S\u00e9rie A em 2020, que abrir\u00e1 o espet\u00e1culo de domingo, por ter retornado ao Grupo Especial e a Para\u00edso do Tuiuti, a 11\u00aa. colocada do Grupo Especial em 2020, abrir\u00e1 os desfiles de segunda-feira.<\/p>\n<p>As duas \u00faltimas colocadas no carnaval de 2020, a Est\u00e1cio de S\u00e1, no 12\u00ba lugar, e a Uni\u00e3o da Ilha do Governador, no 13\u00ba lugar, v\u00e3o desfilar no Grupo de Acesso S\u00e9rie A. Com isso, a Liesa volta a ter 12 escolas concorrendo no carnaval de 2021.<\/p>\n<p><strong>Adiamento<\/strong><\/p>\n<p>Por conta da pandemia do novo coronav\u00edrus, o carnaval foi transferido de fevereiro para o meio do ano em 2021. A Liesa e as agremia\u00e7\u00f5es condicionaram, no entanto, a realiza\u00e7\u00e3o da festa a campanha de imuniza\u00e7\u00e3o contra a covid-19, caso j\u00e1 estejam definidas as condi\u00e7\u00f5es sanit\u00e1rias para ocorrer o evento. H\u00e1 tamb\u00e9m a discuss\u00e3o de um projeto de lei para estabelecer um feriado no m\u00eas de julho.<\/p>\n<p>&nbsp;<\/p>\n<p><strong>Fonte: Ag\u00eancia Brasil<\/strong><\/p>\n<p>&nbsp;<\/p>\n","protected":false},"excerpt":{"rendered":"<p>A Liga Independente das Escolas de Samba (Liesa) definiu hoje \u00e0 tarde (14) a ordem dos desfiles das escolas de samba do grupo especial no carnaval de 2021 que vai ocorrer no domingo (11) e segunda-feira (12) de julho, na Passarela do Samba da Marqu\u00eas de Sapuca\u00ed. O sorteio aconteceu apenas com a presen\u00e7a dos &hellip;<\/p>\n","protected":false},"author":1,"featured_media":11372,"comment_status":"open","ping_status":"open","sticky":false,"template":"","format":"standard","meta":{"_jetpack_newsletter_access":"","_jetpack_dont_email_post_to_subs":false,"_jetpack_newsletter_tier_id":0,"_jetpack_memberships_contains_paywalled_content":false,"_jetpack_memberships_contains_paid_content":false,"footnotes":""},"categories":[1],"tags":[],"class_list":["post-11371","post","type-post","status-publish","format-standard","has-post-thumbnail","hentry","category-destaque"],"jetpack_sharing_enabled":true,"jetpack_featured_media_url":"","_links":{"self":[{"href":"https:\/\/www.oparanews.com.br\/index.php\/wp-json\/wp\/v2\/posts\/11371","targetHints":{"allow":["GET"]}}],"collection":[{"href":"https:\/\/www.oparanews.com.br\/index.php\/wp-json\/wp\/v2\/posts"}],"about":[{"href":"https:\/\/www.oparanews.com.br\/index.php\/wp-json\/wp\/v2\/types\/post"}],"author":[{"embeddable":true,"href":"https:\/\/www.oparanews.com.br\/index.php\/wp-json\/wp\/v2\/users\/1"}],"replies":[{"embeddable":true,"href":"https:\/\/www.oparanews.com.br\/index.php\/wp-json\/wp\/v2\/comments?post=11371"}],"version-history":[{"count":0,"href":"https:\/\/www.oparanews.com.br\/index.php\/wp-json\/wp\/v2\/posts\/11371\/revisions"}],"wp:attachment":[{"href":"https:\/\/www.oparanews.com.br\/index.php\/wp-json\/wp\/v2\/media?parent=11371"}],"wp:term":[{"taxonomy":"category","embeddable":true,"href":"https:\/\/www.oparanews.com.br\/index.php\/wp-json\/wp\/v2\/categories?post=11371"},{"taxonomy":"post_tag","embeddable":true,"href":"https:\/\/www.oparanews.com.br\/index.php\/wp-json\/wp\/v2\/tags?post=11371"}],"curies":[{"name":"wp","href":"https:\/\/api.w.org\/{rel}","templated":true}]}}