{"id":11379,"date":"2020-12-16T00:12:46","date_gmt":"2020-12-16T00:12:46","guid":{"rendered":"https:\/\/oparanews.com.br\/?p=11379"},"modified":"2020-12-16T00:12:46","modified_gmt":"2020-12-16T00:12:46","slug":"penedo-previdencia-concede-aposentadorias-e-tem-novo-presidente-do-conselho-gestor","status":"publish","type":"post","link":"https:\/\/www.oparanews.com.br\/index.php\/2020\/12\/16\/penedo-previdencia-concede-aposentadorias-e-tem-novo-presidente-do-conselho-gestor\/","title":{"rendered":"Penedo Previd\u00eancia concede aposentadorias e tem novo presidente do Conselho Gestor"},"content":{"rendered":"<p>Professoras que exerceram o Magist\u00e9rio em salas de aula da Prefeitura de Penedo alcan\u00e7aram a merecida aposentadoria. Ap\u00f3s d\u00e9cadas de atividade na rede p\u00fablica municipal, Roseane Ferreira da Silva, C\u00edcera Maria Santos e Maria Salete Santos Cruz Lessa receberam a concess\u00e3o por meio do Penedo Previd\u00eancia.<\/p>\n<p>O direito trabalhista para as tr\u00eas servidoras efetivas da Prefeitura de Penedo est\u00e1 publicado na edi\u00e7\u00e3o n\u00ba 1.600 do Di\u00e1rio Oficial do Munic\u00edpio (confira a documenta\u00e7\u00e3o clicando aqui).<\/p>\n<p>De acordo com a Constitui\u00e7\u00e3o Federal e sua regulamenta\u00e7\u00e3o em \u00e2mbito municipal, as professoras receber\u00e3o as respectivas aposentadorias com proventos integrais e paridade total, valores calculados com base na \u00faltima remunera\u00e7\u00e3o contributiva de cada servidora.<\/p>\n<p>Novo Diretor Presidente do Conselho Gestor<\/p>\n<p>Na mesma edi\u00e7\u00e3o do Di\u00e1rio Oficial do Munic\u00edpio, o Prefeito Marcius Beltr\u00e3o exonera a procuradora municipal Sheyla Ferraz de Menezes Farias do cargo de Diretora Presidente do Conselho Gestor do Instituto de Previd\u00eancia dos Servidores P\u00fablicos do Munic\u00edpio de Penedo, o Penedo Previd\u00eancia.<\/p>\n<p>A medida de rotina nomeia ainda o procurador municipal Francisco Sousa Guerra para a fun\u00e7\u00e3o destinada, por lei, a um advogado efetivo da Procuradoria Geral do Munic\u00edpio, conforme o regramento do Regime Pr\u00f3prio de Previd\u00eancia Social (RPPS).<\/p>\n<p>A migra\u00e7\u00e3o dos servidores da Prefeitura de Penedo do INSS para o Penedo Previd\u00eancia foi reconhecida pelo governo federal em mar\u00e7o de 2018.<\/p>\n<p>Em junho deste ano, a ent\u00e3o Diretora Presidente do Conselho Gestor do Penedo Previd\u00eancia, Sheyla Ferraz, participou de uma videoconfer\u00eancia promovida pela C\u00e2mara Municipal de Penedo sobre o RPPS, o panorama do instituto e as proje\u00e7\u00f5es para o futuro da entidade\/servidores da Prefeitura de Penedo.<\/p>\n<p>Diversos aspectos foram esclarecidos durante a reuni\u00e3o virtual que contou ainda com a participa\u00e7\u00e3o do Diretor Presidente Enaldo Zacarias (servidor efetivo municipal, fun\u00e7\u00e3o exigida para o cargo) e do presidente do Sindicato dos Servidores P\u00fablicos Municipais de Penedo, Lu\u00eds Dantas.<\/p>\n<p>&nbsp;<\/p>\n<p><strong>por Fernando Vin\u00edcius \u2013 Decom PMP<\/strong><\/p>\n<p>&nbsp;<\/p>\n","protected":false},"excerpt":{"rendered":"<p>Professoras que exerceram o Magist\u00e9rio em salas de aula da Prefeitura de Penedo alcan\u00e7aram a merecida aposentadoria. Ap\u00f3s d\u00e9cadas de atividade na rede p\u00fablica municipal, Roseane Ferreira da Silva, C\u00edcera Maria Santos e Maria Salete Santos Cruz Lessa receberam a concess\u00e3o por meio do Penedo Previd\u00eancia. O direito trabalhista para as tr\u00eas servidoras efetivas da &hellip;<\/p>\n","protected":false},"author":1,"featured_media":11380,"comment_status":"open","ping_status":"open","sticky":false,"template":"","format":"standard","meta":{"_jetpack_newsletter_access":"","_jetpack_dont_email_post_to_subs":false,"_jetpack_newsletter_tier_id":0,"_jetpack_memberships_contains_paywalled_content":false,"_jetpack_memberships_contains_paid_content":false,"footnotes":""},"categories":[1],"tags":[],"class_list":["post-11379","post","type-post","status-publish","format-standard","has-post-thumbnail","hentry","category-destaque"],"jetpack_sharing_enabled":true,"jetpack_featured_media_url":"","_links":{"self":[{"href":"https:\/\/www.oparanews.com.br\/index.php\/wp-json\/wp\/v2\/posts\/11379","targetHints":{"allow":["GET"]}}],"collection":[{"href":"https:\/\/www.oparanews.com.br\/index.php\/wp-json\/wp\/v2\/posts"}],"about":[{"href":"https:\/\/www.oparanews.com.br\/index.php\/wp-json\/wp\/v2\/types\/post"}],"author":[{"embeddable":true,"href":"https:\/\/www.oparanews.com.br\/index.php\/wp-json\/wp\/v2\/users\/1"}],"replies":[{"embeddable":true,"href":"https:\/\/www.oparanews.com.br\/index.php\/wp-json\/wp\/v2\/comments?post=11379"}],"version-history":[{"count":0,"href":"https:\/\/www.oparanews.com.br\/index.php\/wp-json\/wp\/v2\/posts\/11379\/revisions"}],"wp:attachment":[{"href":"https:\/\/www.oparanews.com.br\/index.php\/wp-json\/wp\/v2\/media?parent=11379"}],"wp:term":[{"taxonomy":"category","embeddable":true,"href":"https:\/\/www.oparanews.com.br\/index.php\/wp-json\/wp\/v2\/categories?post=11379"},{"taxonomy":"post_tag","embeddable":true,"href":"https:\/\/www.oparanews.com.br\/index.php\/wp-json\/wp\/v2\/tags?post=11379"}],"curies":[{"name":"wp","href":"https:\/\/api.w.org\/{rel}","templated":true}]}}