{"id":11382,"date":"2020-12-16T00:15:04","date_gmt":"2020-12-16T00:15:04","guid":{"rendered":"https:\/\/oparanews.com.br\/?p=11382"},"modified":"2020-12-16T00:15:04","modified_gmt":"2020-12-16T00:15:04","slug":"secretaria-de-saude-promove-orientacao-sobre-planejamento-familiar","status":"publish","type":"post","link":"https:\/\/www.oparanews.com.br\/index.php\/2020\/12\/16\/secretaria-de-saude-promove-orientacao-sobre-planejamento-familiar\/","title":{"rendered":"Secretaria de Sa\u00fade promove orienta\u00e7\u00e3o sobre planejamento familiar"},"content":{"rendered":"<p>M\u00e3es com crian\u00e7a em fase de amamenta\u00e7\u00e3o, gestante ou com filho pequeno est\u00e3o no foco do mais recente trabalho desenvolvido em Penedo pela Secretaria Municipal de Sa\u00fade (SEMS).<\/p>\n<p>A pasta que melhorou a presta\u00e7\u00e3o de servi\u00e7os ao povo penedense, de forma incontest\u00e1vel, desenvolve a\u00e7\u00e3o informativa em todas unidades que comp\u00f5em a rede de aten\u00e7\u00e3o b\u00e1sica da Prefeitura de Penedo.<\/p>\n<p>Enfermeiras e pessoal t\u00e9cnico da SEMS Penedo est\u00e3o orientando mulheres sobre planejamento familiar. O contato direto nos postos e unidades de sa\u00fade aborda quest\u00f5es sobre o acompanhamento pr\u00e9-natal, m\u00e9todos de preven\u00e7\u00e3o \u00e0 gravidez, cuidados durante a gesta\u00e7\u00e3o, no trabalho do parto e, especialmente, com a m\u00e3e e o rec\u00e9m-nascido.<\/p>\n<p>Batizada de Semana do Beb\u00ea, o projeto respeita as precau\u00e7\u00f5es relacionadas com a pandemia do novo coronav\u00edrus. E para minimizar o risco de dissemina\u00e7\u00e3o do Covid-19, a SEMS Penedo informa sobre a obrigatoriedade do uso de m\u00e1scara protetora e convida as fam\u00edlias a participar presencialmente, em cada unidade de atendimento.<\/p>\n<p>Ainda com rela\u00e7\u00e3o \u00e0s palestras, os espa\u00e7os entre as cadeiras s\u00e3o organizados conforme a manuten\u00e7\u00e3o do distanciamento social. A SEMS Penedo tamb\u00e9m disponibiliza \u00e1lcool 70% para higieniza\u00e7\u00e3o das m\u00e3os nos locais p\u00fablicos de sua responsabilidade.<\/p>\n<p><strong>DIU<\/strong><\/p>\n<p>Em paralelo ao trabalho de orienta\u00e7\u00e3o sobre cuidados especiais para mam\u00e3es e beb\u00eas, a SEMS Penedo disponibiliza e informa sobre m\u00e9todos contraceptivos, assist\u00eancia especializada que ocorre de forma regular.<\/p>\n<p>A preven\u00e7\u00e3o \u00e9 fundamental para mulheres que n\u00e3o desejam engravidar novamente, especialmente m\u00e3es de crian\u00e7as com menos de um ano de vida.<\/p>\n<p>Ainda sobre o tema, mulheres que optaram por uso do dispositivo intrauterino (DIU) e receberam por meio da SEMS Penedo devem solicitar agendamento de consulta para revis\u00e3o do procedimento.<\/p>\n<p>O acompanhamento de cada caso ocorre com atendimento individual, \u00e0s quintas-feiras, no Centro de Sa\u00fade da Mulher instalado no antigo Sesp, localizado \u00e0 Pra\u00e7a Clementino do Monte, vizinho do quartel do Corpo de Bombeiros Militar.<\/p>\n<p>&nbsp;<\/p>\n<p><strong>por Fernando Vin\u00edcius \u2013 Decom PMP<\/strong><\/p>\n<p>&nbsp;<\/p>\n","protected":false},"excerpt":{"rendered":"<p>M\u00e3es com crian\u00e7a em fase de amamenta\u00e7\u00e3o, gestante ou com filho pequeno est\u00e3o no foco do mais recente trabalho desenvolvido em Penedo pela Secretaria Municipal de Sa\u00fade (SEMS). A pasta que melhorou a presta\u00e7\u00e3o de servi\u00e7os ao povo penedense, de forma incontest\u00e1vel, desenvolve a\u00e7\u00e3o informativa em todas unidades que comp\u00f5em a rede de aten\u00e7\u00e3o b\u00e1sica &hellip;<\/p>\n","protected":false},"author":1,"featured_media":11383,"comment_status":"open","ping_status":"open","sticky":false,"template":"","format":"standard","meta":{"_jetpack_newsletter_access":"","_jetpack_dont_email_post_to_subs":false,"_jetpack_newsletter_tier_id":0,"_jetpack_memberships_contains_paywalled_content":false,"_jetpack_memberships_contains_paid_content":false,"footnotes":""},"categories":[1],"tags":[],"class_list":["post-11382","post","type-post","status-publish","format-standard","has-post-thumbnail","hentry","category-destaque"],"jetpack_sharing_enabled":true,"jetpack_featured_media_url":"","_links":{"self":[{"href":"https:\/\/www.oparanews.com.br\/index.php\/wp-json\/wp\/v2\/posts\/11382","targetHints":{"allow":["GET"]}}],"collection":[{"href":"https:\/\/www.oparanews.com.br\/index.php\/wp-json\/wp\/v2\/posts"}],"about":[{"href":"https:\/\/www.oparanews.com.br\/index.php\/wp-json\/wp\/v2\/types\/post"}],"author":[{"embeddable":true,"href":"https:\/\/www.oparanews.com.br\/index.php\/wp-json\/wp\/v2\/users\/1"}],"replies":[{"embeddable":true,"href":"https:\/\/www.oparanews.com.br\/index.php\/wp-json\/wp\/v2\/comments?post=11382"}],"version-history":[{"count":0,"href":"https:\/\/www.oparanews.com.br\/index.php\/wp-json\/wp\/v2\/posts\/11382\/revisions"}],"wp:attachment":[{"href":"https:\/\/www.oparanews.com.br\/index.php\/wp-json\/wp\/v2\/media?parent=11382"}],"wp:term":[{"taxonomy":"category","embeddable":true,"href":"https:\/\/www.oparanews.com.br\/index.php\/wp-json\/wp\/v2\/categories?post=11382"},{"taxonomy":"post_tag","embeddable":true,"href":"https:\/\/www.oparanews.com.br\/index.php\/wp-json\/wp\/v2\/tags?post=11382"}],"curies":[{"name":"wp","href":"https:\/\/api.w.org\/{rel}","templated":true}]}}