{"id":11388,"date":"2020-12-16T00:20:48","date_gmt":"2020-12-16T00:20:48","guid":{"rendered":"https:\/\/oparanews.com.br\/?p=11388"},"modified":"2020-12-16T00:20:48","modified_gmt":"2020-12-16T00:20:48","slug":"brasil-registra-quase-mil-mortes-em-24h-recorde-em-76-dias","status":"publish","type":"post","link":"https:\/\/www.oparanews.com.br\/index.php\/2020\/12\/16\/brasil-registra-quase-mil-mortes-em-24h-recorde-em-76-dias\/","title":{"rendered":"Brasil registra quase mil mortes em 24h, recorde em 76 dias"},"content":{"rendered":"<p>O Brasil registrou 964 mortes nas \u00faltimas 24 horas, elevando para 182.799 a quantidade de v\u00edtimas da pandemia de covid-19, informou o Conselho Nacional de Secret\u00e1rios da Sa\u00fade (Conass) nesta ter\u00e7a-feira (15).<\/p>\n<p>O n\u00famero recorde desde 30 de setembro, quando foram computados 1.041 falecimentos, n\u00e3o contabilizou os dados do Amap\u00e1 que, por problemas t\u00e9cnicos, n\u00e3o atualizou os dados de hoje. As informa\u00e7\u00f5es confirmam a tend\u00eancia de alta nos \u00edndices que vem sendo registrada desde a metade do m\u00eas de novembro em todo o pa\u00eds.<\/p>\n<p>A taxa de letalidade da doen\u00e7a est\u00e1 em 2,6% e a mortalidade \u00e9 de 87 a cada 100 mil habitantes. O estado de S\u00e3o Paulo \u00e9 o que mais tem \u00f3bitos em n\u00fameros absolutos, com 44.282, seguido por Rio de Janeiro (23.887), Minas Gerais (10.719) e Pernambuco (9.324), Por\u00e9m, o maior \u00edndice de letalidade est\u00e1 no Rio de Janeiro, com 6,1% &#8211; mais do que o dobro da m\u00e9dia nacional.<\/p>\n<p>J\u00e1 os novos casos computados somaram 42.889, elevando para 6.970.034 diagn\u00f3sticos positivos para o coronav\u00edrus Sars-CoV-2 desde mar\u00e7o. A taxa de incid\u00eancia da doen\u00e7a \u00e9 de 3.316,7 a cada 100 mil habitantes.<\/p>\n<p>O cons\u00f3rcio de imprensa formado por Estad\u00e3o, G1, O Globo, Extra, Folha e UOL levantou, junto \u00e0s secretarias estaduais de Sa\u00fade, 915 mortes e 44.849 casos nas \u00faltimas 24 horas. Ao todo, os ve\u00edculos de imprensa registraram 182.854 mortes e 6.974.258 infec\u00e7\u00f5es pelo novo coronav\u00edrus.<\/p>\n<p>Novamente, S\u00e3o Paulo \u00e9 o estado que lidera os n\u00fameros totais da pandemia, com 1.341.428 contamina\u00e7\u00f5es confirmadas. Na sequ\u00eancia, aparecem Minas Gerais (473.225), Bahia (451.240) e Santa Catarina (435.547).<\/p>\n<p>&nbsp;<\/p>\n<p><strong>Fonte: Terra<\/strong><\/p>\n<p>&nbsp;<\/p>\n","protected":false},"excerpt":{"rendered":"<p>O Brasil registrou 964 mortes nas \u00faltimas 24 horas, elevando para 182.799 a quantidade de v\u00edtimas da pandemia de covid-19, informou o Conselho Nacional de Secret\u00e1rios da Sa\u00fade (Conass) nesta ter\u00e7a-feira (15). O n\u00famero recorde desde 30 de setembro, quando foram computados 1.041 falecimentos, n\u00e3o contabilizou os dados do Amap\u00e1 que, por problemas t\u00e9cnicos, n\u00e3o &hellip;<\/p>\n","protected":false},"author":1,"featured_media":11389,"comment_status":"open","ping_status":"open","sticky":false,"template":"","format":"standard","meta":{"_jetpack_newsletter_access":"","_jetpack_dont_email_post_to_subs":false,"_jetpack_newsletter_tier_id":0,"_jetpack_memberships_contains_paywalled_content":false,"_jetpack_memberships_contains_paid_content":false,"footnotes":""},"categories":[1],"tags":[],"class_list":["post-11388","post","type-post","status-publish","format-standard","has-post-thumbnail","hentry","category-destaque"],"jetpack_sharing_enabled":true,"jetpack_featured_media_url":"","_links":{"self":[{"href":"https:\/\/www.oparanews.com.br\/index.php\/wp-json\/wp\/v2\/posts\/11388","targetHints":{"allow":["GET"]}}],"collection":[{"href":"https:\/\/www.oparanews.com.br\/index.php\/wp-json\/wp\/v2\/posts"}],"about":[{"href":"https:\/\/www.oparanews.com.br\/index.php\/wp-json\/wp\/v2\/types\/post"}],"author":[{"embeddable":true,"href":"https:\/\/www.oparanews.com.br\/index.php\/wp-json\/wp\/v2\/users\/1"}],"replies":[{"embeddable":true,"href":"https:\/\/www.oparanews.com.br\/index.php\/wp-json\/wp\/v2\/comments?post=11388"}],"version-history":[{"count":0,"href":"https:\/\/www.oparanews.com.br\/index.php\/wp-json\/wp\/v2\/posts\/11388\/revisions"}],"wp:attachment":[{"href":"https:\/\/www.oparanews.com.br\/index.php\/wp-json\/wp\/v2\/media?parent=11388"}],"wp:term":[{"taxonomy":"category","embeddable":true,"href":"https:\/\/www.oparanews.com.br\/index.php\/wp-json\/wp\/v2\/categories?post=11388"},{"taxonomy":"post_tag","embeddable":true,"href":"https:\/\/www.oparanews.com.br\/index.php\/wp-json\/wp\/v2\/tags?post=11388"}],"curies":[{"name":"wp","href":"https:\/\/api.w.org\/{rel}","templated":true}]}}