{"id":11394,"date":"2020-12-16T00:25:32","date_gmt":"2020-12-16T00:25:32","guid":{"rendered":"https:\/\/oparanews.com.br\/?p=11394"},"modified":"2020-12-16T00:25:32","modified_gmt":"2020-12-16T00:25:32","slug":"ministerio-promete-vacinacao-5-dias-apos-aprovacao-da-anvisa","status":"publish","type":"post","link":"https:\/\/www.oparanews.com.br\/index.php\/2020\/12\/16\/ministerio-promete-vacinacao-5-dias-apos-aprovacao-da-anvisa\/","title":{"rendered":"Minist\u00e9rio promete vacina\u00e7\u00e3o 5 dias ap\u00f3s aprova\u00e7\u00e3o da Anvisa"},"content":{"rendered":"<p>O Minist\u00e9rio da Sa\u00fade informou ao Supremo Tribunal Federal (STF) que a vacina\u00e7\u00e3o contra o coronav\u00edrus Sars-CoV-2 come\u00e7ar\u00e1 no pa\u00eds cinco dias ap\u00f3s a Ag\u00eancia Nacional de Vigil\u00e2ncia Sanit\u00e1ria (Anvisa) dar a autoriza\u00e7\u00e3o para o uso do imunizante &#8211; seja o registro emergencial ou definitivo.<\/p>\n<p>Em manifesta\u00e7\u00e3o enviada nesta quarta-feira (15), o \u00f3rg\u00e3o ainda afirma que os grupos priorit\u00e1rios citados no plano nacional de vacina\u00e7\u00e3o devem ser imunizados em quatro meses, sendo que essa a\u00e7\u00e3o \u00e9 de responsabilidade dos estados e dos munic\u00edpios.<\/p>\n<p>O documento \u00e9 uma resposta ao pedido do ministro Ricardo Lewandowski que questionou o Minist\u00e9rio por n\u00e3o dar uma data nem de in\u00edcio nem de fim da campanha no plano apresentado no \u00faltimo s\u00e1bado (12). O governo argumenta que n\u00e3o tem como dar uma data precisa porque depende de todo o tr\u00e2mite t\u00e9cnico da Anvisa.<\/p>\n<p>O plano de vacina\u00e7\u00e3o gerou pol\u00eamica na \u00faltima semana por incluir assinaturas de 36 cientistas que informaram que sequer tinham visto o documento e por n\u00e3o dar datas para a vacina\u00e7\u00e3o. Outra d\u00favida sobre o planejamento \u00e9 que o governo d\u00e1 como &#8220;garantidas&#8221; 300 milh\u00f5es de doses das vacinas, mas ainda faltam fechar os acordos com a Pfizer e BioNTech e tamb\u00e9m a informa\u00e7\u00e3o de quando ser\u00e3o distribu\u00eddas as vacinas da iniciativa Covax Facility.<\/p>\n<p>O governo apostou a maior parte da compra na parceria firmada entre a Funda\u00e7\u00e3o Oswaldo Cruz e a farmac\u00eautica AstraZeneca, que produz o imunizante da Universidade de Oxford. No entanto, a vacina ainda est\u00e1 distante de conseguir a aprova\u00e7\u00e3o em qualquer pa\u00eds por conta de problemas na fase final de testes cl\u00ednicos.<\/p>\n<p>&nbsp;<\/p>\n<p><strong>Fonte: Terra<\/strong><\/p>\n<p>&nbsp;<\/p>\n","protected":false},"excerpt":{"rendered":"<p>O Minist\u00e9rio da Sa\u00fade informou ao Supremo Tribunal Federal (STF) que a vacina\u00e7\u00e3o contra o coronav\u00edrus Sars-CoV-2 come\u00e7ar\u00e1 no pa\u00eds cinco dias ap\u00f3s a Ag\u00eancia Nacional de Vigil\u00e2ncia Sanit\u00e1ria (Anvisa) dar a autoriza\u00e7\u00e3o para o uso do imunizante &#8211; seja o registro emergencial ou definitivo. Em manifesta\u00e7\u00e3o enviada nesta quarta-feira (15), o \u00f3rg\u00e3o ainda afirma &hellip;<\/p>\n","protected":false},"author":1,"featured_media":11395,"comment_status":"open","ping_status":"open","sticky":false,"template":"","format":"standard","meta":{"_jetpack_newsletter_access":"","_jetpack_dont_email_post_to_subs":false,"_jetpack_newsletter_tier_id":0,"_jetpack_memberships_contains_paywalled_content":false,"_jetpack_memberships_contains_paid_content":false,"footnotes":""},"categories":[1],"tags":[],"class_list":["post-11394","post","type-post","status-publish","format-standard","has-post-thumbnail","hentry","category-destaque"],"jetpack_sharing_enabled":true,"jetpack_featured_media_url":"","_links":{"self":[{"href":"https:\/\/www.oparanews.com.br\/index.php\/wp-json\/wp\/v2\/posts\/11394","targetHints":{"allow":["GET"]}}],"collection":[{"href":"https:\/\/www.oparanews.com.br\/index.php\/wp-json\/wp\/v2\/posts"}],"about":[{"href":"https:\/\/www.oparanews.com.br\/index.php\/wp-json\/wp\/v2\/types\/post"}],"author":[{"embeddable":true,"href":"https:\/\/www.oparanews.com.br\/index.php\/wp-json\/wp\/v2\/users\/1"}],"replies":[{"embeddable":true,"href":"https:\/\/www.oparanews.com.br\/index.php\/wp-json\/wp\/v2\/comments?post=11394"}],"version-history":[{"count":0,"href":"https:\/\/www.oparanews.com.br\/index.php\/wp-json\/wp\/v2\/posts\/11394\/revisions"}],"wp:attachment":[{"href":"https:\/\/www.oparanews.com.br\/index.php\/wp-json\/wp\/v2\/media?parent=11394"}],"wp:term":[{"taxonomy":"category","embeddable":true,"href":"https:\/\/www.oparanews.com.br\/index.php\/wp-json\/wp\/v2\/categories?post=11394"},{"taxonomy":"post_tag","embeddable":true,"href":"https:\/\/www.oparanews.com.br\/index.php\/wp-json\/wp\/v2\/tags?post=11394"}],"curies":[{"name":"wp","href":"https:\/\/api.w.org\/{rel}","templated":true}]}}