{"id":11403,"date":"2020-12-16T14:19:52","date_gmt":"2020-12-16T14:19:52","guid":{"rendered":"https:\/\/oparanews.com.br\/?p=11403"},"modified":"2020-12-16T14:19:52","modified_gmt":"2020-12-16T14:19:52","slug":"policial-militar-de-alagoas-morre-em-decorrencia-da-covid-19","status":"publish","type":"post","link":"https:\/\/www.oparanews.com.br\/index.php\/2020\/12\/16\/policial-militar-de-alagoas-morre-em-decorrencia-da-covid-19\/","title":{"rendered":"Policial militar de Alagoas morre em decorr\u00eancia da Covid-19"},"content":{"rendered":"<p>Mais um policial militar de Alagoas morreu por complica\u00e7\u00f5es causadas pela Covid-19. O cabo PM Thiago Farias Santos tinha 36 anos, estava internado no Hospital de Emerg\u00eancia do Agreste e faleceu na madrugada desta quarta-feira (16). A informa\u00e7\u00e3o foi confirmada pela Secretaria da Seguran\u00e7a P\u00fablica (SSP).<\/p>\n<p>O cabo ingressou na Corpora\u00e7\u00e3o em agosto de 2006. Ele atuava atualmente no Centro de Ocorr\u00eancias (Copom) do 3\u00ba Batalh\u00e3o de Pol\u00edcia Militar, em Arapiraca.<\/p>\n<p>Esse \u00e9 o 6\u00ba militar que morreu devido \u00e0 doen\u00e7a, segundo a assessoria da PM.<\/p>\n<p>Por meio de nota, o secret\u00e1rio da SSP, Lima J\u00fanior, expressou &#8220;sinceras condol\u00eancias \u00e0 fam\u00edlia do militar, aos amigos e a todos da Pol\u00edcia Militar&#8221;. A Secretaria se coloca \u00e0 disposi\u00e7\u00e3o dos familiares e da Pol\u00edcia Militar de Alagoas &#8220;para o que for necess\u00e1rio neste momento de luto&#8221;.<\/p>\n<p>&nbsp;<\/p>\n<p><strong>Fonte: G1\/AL<\/strong><\/p>\n<p>&nbsp;<\/p>\n","protected":false},"excerpt":{"rendered":"<p>Mais um policial militar de Alagoas morreu por complica\u00e7\u00f5es causadas pela Covid-19. O cabo PM Thiago Farias Santos tinha 36 anos, estava internado no Hospital de Emerg\u00eancia do Agreste e faleceu na madrugada desta quarta-feira (16). A informa\u00e7\u00e3o foi confirmada pela Secretaria da Seguran\u00e7a P\u00fablica (SSP). O cabo ingressou na Corpora\u00e7\u00e3o em agosto de 2006. &hellip;<\/p>\n","protected":false},"author":1,"featured_media":11404,"comment_status":"open","ping_status":"open","sticky":false,"template":"","format":"standard","meta":{"_jetpack_newsletter_access":"","_jetpack_dont_email_post_to_subs":false,"_jetpack_newsletter_tier_id":0,"_jetpack_memberships_contains_paywalled_content":false,"_jetpack_memberships_contains_paid_content":false,"footnotes":""},"categories":[1],"tags":[],"class_list":["post-11403","post","type-post","status-publish","format-standard","has-post-thumbnail","hentry","category-destaque"],"jetpack_sharing_enabled":true,"jetpack_featured_media_url":"","_links":{"self":[{"href":"https:\/\/www.oparanews.com.br\/index.php\/wp-json\/wp\/v2\/posts\/11403","targetHints":{"allow":["GET"]}}],"collection":[{"href":"https:\/\/www.oparanews.com.br\/index.php\/wp-json\/wp\/v2\/posts"}],"about":[{"href":"https:\/\/www.oparanews.com.br\/index.php\/wp-json\/wp\/v2\/types\/post"}],"author":[{"embeddable":true,"href":"https:\/\/www.oparanews.com.br\/index.php\/wp-json\/wp\/v2\/users\/1"}],"replies":[{"embeddable":true,"href":"https:\/\/www.oparanews.com.br\/index.php\/wp-json\/wp\/v2\/comments?post=11403"}],"version-history":[{"count":0,"href":"https:\/\/www.oparanews.com.br\/index.php\/wp-json\/wp\/v2\/posts\/11403\/revisions"}],"wp:attachment":[{"href":"https:\/\/www.oparanews.com.br\/index.php\/wp-json\/wp\/v2\/media?parent=11403"}],"wp:term":[{"taxonomy":"category","embeddable":true,"href":"https:\/\/www.oparanews.com.br\/index.php\/wp-json\/wp\/v2\/categories?post=11403"},{"taxonomy":"post_tag","embeddable":true,"href":"https:\/\/www.oparanews.com.br\/index.php\/wp-json\/wp\/v2\/tags?post=11403"}],"curies":[{"name":"wp","href":"https:\/\/api.w.org\/{rel}","templated":true}]}}