{"id":11412,"date":"2020-12-16T14:30:12","date_gmt":"2020-12-16T14:30:12","guid":{"rendered":"https:\/\/oparanews.com.br\/?p=11412"},"modified":"2020-12-16T14:30:12","modified_gmt":"2020-12-16T14:30:12","slug":"governo-lanca-plano-nacional-de-vacinacao-contra-a-covid","status":"publish","type":"post","link":"https:\/\/www.oparanews.com.br\/index.php\/2020\/12\/16\/governo-lanca-plano-nacional-de-vacinacao-contra-a-covid\/","title":{"rendered":"Governo lan\u00e7a plano nacional de vacina\u00e7\u00e3o contra a Covid"},"content":{"rendered":"<p>O governo federal iniciou na manh\u00e3 desta quarta-feira(16) uma cerim\u00f4nia, no Pal\u00e1cio do Planalto, para lan\u00e7ar oficialmente o plano nacional de vacina\u00e7\u00e3o contra a Covid-19.<\/p>\n<p>Por determina\u00e7\u00e3o do Supremo Tribunal Federal (STF), o Minist\u00e9rio da Sa\u00fade j\u00e1 havia apresentado uma vers\u00e3o do material na semana passada.<\/p>\n<p>O documento prev\u00ea a vacina\u00e7\u00e3o primeiro de grupos considerados priorit\u00e1rios, por estarem mais expostos ao coronav\u00edrus ou serem mais vulner\u00e1veis \u00e0 doen\u00e7a. Segundo o governo, 51 milh\u00f5es de pessoas ser\u00e3o vacinadas nessa etapa, o que vai exigir 108, 3 milh\u00f5es de doses. Cada pessoa toma duas doses, e h\u00e1 uma perda de 5% de vacina decorrente dos processos de transporte e aplica\u00e7\u00e3o.<\/p>\n<p>Ainda de acordo com o governo, a vacina\u00e7\u00e3o no Brasil deve ser conclu\u00edda em 16 meses \u2013 quatro meses para vacinar todos os grupos priorit\u00e1rios e, em seguida, 12 meses para imunizar a &#8220;popula\u00e7\u00e3o em geral&#8221;.<\/p>\n<p>A vacina\u00e7\u00e3o ainda n\u00e3o tem uma data para come\u00e7ar. O governo afirma que \u00e9 preciso esperar a Ag\u00eancia Nacional de Vigil\u00e2ncia Sanit\u00e1ria (Anvisa) aprovar o registro de vacinas. At\u00e9 agora, nenhum pedido de registro chegou \u00e0 Anvisa (veja informa\u00e7\u00f5es sobre vacinas mais abaixo).<\/p>\n<p>O presidente Jair Bolsonaro, sem m\u00e1scara, participou do lan\u00e7amento do plano na tribuna das autoridades. Ele estava ao lado do ministro da Sa\u00fade, Eduardo Pazuello, que tamb\u00e9m n\u00e3o usava m\u00e1scara. Algumas autoridades estavam com o equipamento, considerado fundamental por especialistas em sa\u00fade para conter a propaga\u00e7\u00e3o do coronav\u00edrus.<\/p>\n<p>Governadores e parlamentares tamb\u00e9m acompanharam o evento.<\/p>\n<p>Em seu discurso, Pazuello afirmou que n\u00e3o \u00e9 preciso ter &#8220;ansiedade&#8221; e &#8220;ang\u00fastia&#8221; sobre a vacina\u00e7\u00e3o.<\/p>\n<p>\u201cVamos levantar a cabe\u00e7a. Acreditem. O povo brasileiro tem capacidade de ter o maior sistema \u00fanico de sa\u00fade do mundo, de ter o maior programa nacional de imuniza\u00e7\u00e3o do mundo, n\u00f3s somos os maiores fabricantes de vacinas da Am\u00e9rica Latina. Pra qu\u00ea essa ansiedade, essa ang\u00fastia? Somos refer\u00eancia na Am\u00e9rica Latina e estamos trabalhando\u201d, afirmou o ministro.<\/p>\n<p>O secret\u00e1rio de vigil\u00e2ncia do Minist\u00e9rio da Sa\u00fade, Arnaldo Medeiros, disse que o governo vai come\u00e7ar nesta quarta uma campanha de comunica\u00e7\u00e3o dividida em duas etapas. A primeira \u00e9 voltada a \u201ctransmitir seguran\u00e7a \u00e0 popula\u00e7\u00e3o&#8221; em rela\u00e7\u00e3o \u00e0 efic\u00e1cia das vacinas que o Brasil vier a utilizar. A segunda etapa ser\u00e1 o momento de chamar as pessoas para receber as doses.<\/p>\n<p>\u201cPrepare-se e cuide-se porque o que n\u00f3s queremos um \u00e9 um Brasil imunizado, porque somos todos uma s\u00f3 na\u00e7\u00e3o&#8221;, disse Medeiros.<\/p>\n<p><strong>Vacinas<\/strong><\/p>\n<p>Inicialmente, o plano leva em conta apenas a vacina desenvolvida em parceria da Universidade de Oxford com o laborat\u00f3rio AstraZeneca. O Brasil tem acordo para receber 100 milh\u00f5es de doses dessa vacina at\u00e9 julho. No segundo semestre, a previs\u00e3o \u00e9 de que a Fiocruz, parceira de Oxford e da AstraZeneca, produza 160 milh\u00f5es de doses.<\/p>\n<p>Mas o governo j\u00e1 informou que pretende comprar todas as vacinas avalizadas pela Ag\u00eancia Nacional de Vigil\u00e2ncia Sanit\u00e1ria (Anvisa).<\/p>\n<p>Al\u00e9m da Fiocruz, o Instituo Butantan, ligado ao governo de S\u00e3o Paulo, tamb\u00e9m vai produzir uma vacina contra a Covid-19. No caso do Butantan, \u00e9 a vacina Coronavac, produzida pelo laborat\u00f3rio Sinovac.<\/p>\n<p>At\u00e9 o momento, ainda n\u00e3o chegou \u00e0 Anvisa o pedido de registro de nenhuma vacina.<\/p>\n<p>&nbsp;<\/p>\n<p><strong>Fonte: G1<\/strong><\/p>\n<p>&nbsp;<\/p>\n","protected":false},"excerpt":{"rendered":"<p>O governo federal iniciou na manh\u00e3 desta quarta-feira(16) uma cerim\u00f4nia, no Pal\u00e1cio do Planalto, para lan\u00e7ar oficialmente o plano nacional de vacina\u00e7\u00e3o contra a Covid-19. Por determina\u00e7\u00e3o do Supremo Tribunal Federal (STF), o Minist\u00e9rio da Sa\u00fade j\u00e1 havia apresentado uma vers\u00e3o do material na semana passada. O documento prev\u00ea a vacina\u00e7\u00e3o primeiro de grupos considerados &hellip;<\/p>\n","protected":false},"author":1,"featured_media":11413,"comment_status":"open","ping_status":"open","sticky":false,"template":"","format":"standard","meta":{"_jetpack_newsletter_access":"","_jetpack_dont_email_post_to_subs":false,"_jetpack_newsletter_tier_id":0,"_jetpack_memberships_contains_paywalled_content":false,"_jetpack_memberships_contains_paid_content":false,"footnotes":""},"categories":[1],"tags":[],"class_list":["post-11412","post","type-post","status-publish","format-standard","has-post-thumbnail","hentry","category-destaque"],"jetpack_sharing_enabled":true,"jetpack_featured_media_url":"","_links":{"self":[{"href":"https:\/\/www.oparanews.com.br\/index.php\/wp-json\/wp\/v2\/posts\/11412","targetHints":{"allow":["GET"]}}],"collection":[{"href":"https:\/\/www.oparanews.com.br\/index.php\/wp-json\/wp\/v2\/posts"}],"about":[{"href":"https:\/\/www.oparanews.com.br\/index.php\/wp-json\/wp\/v2\/types\/post"}],"author":[{"embeddable":true,"href":"https:\/\/www.oparanews.com.br\/index.php\/wp-json\/wp\/v2\/users\/1"}],"replies":[{"embeddable":true,"href":"https:\/\/www.oparanews.com.br\/index.php\/wp-json\/wp\/v2\/comments?post=11412"}],"version-history":[{"count":0,"href":"https:\/\/www.oparanews.com.br\/index.php\/wp-json\/wp\/v2\/posts\/11412\/revisions"}],"wp:attachment":[{"href":"https:\/\/www.oparanews.com.br\/index.php\/wp-json\/wp\/v2\/media?parent=11412"}],"wp:term":[{"taxonomy":"category","embeddable":true,"href":"https:\/\/www.oparanews.com.br\/index.php\/wp-json\/wp\/v2\/categories?post=11412"},{"taxonomy":"post_tag","embeddable":true,"href":"https:\/\/www.oparanews.com.br\/index.php\/wp-json\/wp\/v2\/tags?post=11412"}],"curies":[{"name":"wp","href":"https:\/\/api.w.org\/{rel}","templated":true}]}}