{"id":11423,"date":"2020-12-17T00:31:48","date_gmt":"2020-12-17T00:31:48","guid":{"rendered":"https:\/\/oparanews.com.br\/?p=11423"},"modified":"2020-12-17T00:31:48","modified_gmt":"2020-12-17T00:31:48","slug":"prefeitura-de-penedo-inaugura-escola-professor-wilton-lucena-nesta-sexta-feira-18","status":"publish","type":"post","link":"https:\/\/www.oparanews.com.br\/index.php\/2020\/12\/17\/prefeitura-de-penedo-inaugura-escola-professor-wilton-lucena-nesta-sexta-feira-18\/","title":{"rendered":"Prefeitura de Penedo inaugura Escola Professor Wilton Lucena nesta sexta-feira, 18"},"content":{"rendered":"<p>A Prefeitura de Penedo, por meio da Secretaria Municipal de Educa\u00e7\u00e3o (SEMED), inaugura nesta sexta-feira (18), a Escola Municipal de Educa\u00e7\u00e3o B\u00e1sica Professor Wilton Lucena.<\/p>\n<p>Com recursos origin\u00e1rios do precat\u00f3rio do Fundef, a nova unidade de ensino foi constru\u00edda nas proximidades do Residencial Mata Atl\u00e2ntica, no Bairro Raimundo Marinho.<\/p>\n<p>No total foram investidos R$ 4.232.315, 49 (quatro milh\u00f5es, duzentos e trinta e dois mil, 315 reais e 49 centavos) na constru\u00e7\u00e3o da escola dotada equipada com sete salas de aula (cinco normais e duas especiais); laborat\u00f3rio de inform\u00e1tica; biblioteca; sala de v\u00eddeo; audit\u00f3rio; banheiro para funcion\u00e1rios (masculino e feminino) e banheiro para cadeirantes ou pessoas com pouca mobilidade.<\/p>\n<p>A Escola Wilton Lucena disp\u00f5e ainda de m\u00f3dulo sanit\u00e1rio masculino e feminino para estudantes; cozinha com dispensa, dep\u00f3sito de material de limpeza e \u00e1rea de servi\u00e7os incorporada no mesmos setor; banheiro pr\u00f3ximo da cozinha para funcion\u00e1rios do setor; sala de dire\u00e7\u00e3o com almoxarifado integrado; secretaria; sala de coordena\u00e7\u00e3o; sala dos professores e dois p\u00e1tios, sendo o coberto com mais de 200 m\u00b2 de \u00e1rea 203,96 m\u00b2 e o descoberto com \u00e1rea de 424,49m\u00b2.<\/p>\n<p>Al\u00e9m da nova escola, o governo Marcius Beltr\u00e3o\/Ronaldo Lopes viabilizou a reforma da Creche L\u00facia Nogueira. Localizada ao lado da EMEB Professor Wilton Lucena, a reforma da creche tamb\u00e9m ser\u00e1 entregue na sexta-feira, 18.<\/p>\n<p>A gest\u00e3o Penedo, Terra do Desenvolvimento e da Cultura construiu ou reformou unidades da rede municipal, ampliando e modernizando escolas que ganharam novos equipamentos, material did\u00e1tico-pedag\u00f3gico e salas climatizadas, avan\u00e7os que proporcionam melhor rendimento, tanto para professores quanto para estudantes.<\/p>\n<p>Com esses investimentos estruturais e uma administra\u00e7\u00e3o direcionada a administra\u00e7\u00e3o Marcius Beltr\u00e3o\/ Ronaldo Lopes promoveu a melhoria continua dos \u00edndices do IDEB, constru\u00e7\u00e3o de quadras e gin\u00e1sios poliesportivos, merenda escolar de qualidade, aquisi\u00e7\u00e3o de equipamentos, fardamentos, escolares, livros did\u00e1ticos entre outros.<\/p>\n<p><strong>Creche Lucia Nogueira Moreira<\/strong><\/p>\n<p>Nesse mesmo dia, a Secretaria Municipal de Educa\u00e7\u00e3o entrega a reforma da Escola Municipal de Educa\u00e7\u00e3o Infantil Lucia Nogueira Moreira, tamb\u00e9m localizada no mesmo bairro, sendo investidos na manuten\u00e7\u00e3o predial R$ 522.134, 54.<\/p>\n<p>Na reforma foram inclu\u00eddos os seguintes servi\u00e7os: troca de esquadrias danificadas, instala\u00e7\u00e3o de tubula\u00e7\u00e3o de g\u00e1s, sistema de prote\u00e7\u00e3o contra descargas atmosf\u00e9ricas, impermeabiliza\u00e7\u00e3o de calhas, recupera\u00e7\u00e3o da rede hidro sanit\u00e1ria e el\u00e9trica, pintura geral, novos arm\u00e1rios para as salas de aula, revis\u00e3o do telhado, novo parque infantil, entre outros reparos.<\/p>\n<p>&nbsp;<\/p>\n<p><strong>por Thiago Sobral &#8211; Decom\/PMP<\/strong><\/p>\n<p>&nbsp;<\/p>\n","protected":false},"excerpt":{"rendered":"<p>A Prefeitura de Penedo, por meio da Secretaria Municipal de Educa\u00e7\u00e3o (SEMED), inaugura nesta sexta-feira (18), a Escola Municipal de Educa\u00e7\u00e3o B\u00e1sica Professor Wilton Lucena. Com recursos origin\u00e1rios do precat\u00f3rio do Fundef, a nova unidade de ensino foi constru\u00edda nas proximidades do Residencial Mata Atl\u00e2ntica, no Bairro Raimundo Marinho. No total foram investidos R$ 4.232.315, &hellip;<\/p>\n","protected":false},"author":1,"featured_media":11424,"comment_status":"open","ping_status":"open","sticky":false,"template":"","format":"standard","meta":{"_jetpack_newsletter_access":"","_jetpack_dont_email_post_to_subs":false,"_jetpack_newsletter_tier_id":0,"_jetpack_memberships_contains_paywalled_content":false,"_jetpack_memberships_contains_paid_content":false,"footnotes":""},"categories":[1],"tags":[],"class_list":["post-11423","post","type-post","status-publish","format-standard","has-post-thumbnail","hentry","category-destaque"],"jetpack_sharing_enabled":true,"jetpack_featured_media_url":"","_links":{"self":[{"href":"https:\/\/www.oparanews.com.br\/index.php\/wp-json\/wp\/v2\/posts\/11423","targetHints":{"allow":["GET"]}}],"collection":[{"href":"https:\/\/www.oparanews.com.br\/index.php\/wp-json\/wp\/v2\/posts"}],"about":[{"href":"https:\/\/www.oparanews.com.br\/index.php\/wp-json\/wp\/v2\/types\/post"}],"author":[{"embeddable":true,"href":"https:\/\/www.oparanews.com.br\/index.php\/wp-json\/wp\/v2\/users\/1"}],"replies":[{"embeddable":true,"href":"https:\/\/www.oparanews.com.br\/index.php\/wp-json\/wp\/v2\/comments?post=11423"}],"version-history":[{"count":0,"href":"https:\/\/www.oparanews.com.br\/index.php\/wp-json\/wp\/v2\/posts\/11423\/revisions"}],"wp:attachment":[{"href":"https:\/\/www.oparanews.com.br\/index.php\/wp-json\/wp\/v2\/media?parent=11423"}],"wp:term":[{"taxonomy":"category","embeddable":true,"href":"https:\/\/www.oparanews.com.br\/index.php\/wp-json\/wp\/v2\/categories?post=11423"},{"taxonomy":"post_tag","embeddable":true,"href":"https:\/\/www.oparanews.com.br\/index.php\/wp-json\/wp\/v2\/tags?post=11423"}],"curies":[{"name":"wp","href":"https:\/\/api.w.org\/{rel}","templated":true}]}}