{"id":11438,"date":"2020-12-17T15:49:36","date_gmt":"2020-12-17T15:49:36","guid":{"rendered":"https:\/\/oparanews.com.br\/?p=11438"},"modified":"2020-12-17T15:49:36","modified_gmt":"2020-12-17T15:49:36","slug":"sec-da-educacao-de-al-estabelece-que-ano-letivo-2020-deve-ser-cumprido-ate-o-final-de-2021","status":"publish","type":"post","link":"https:\/\/www.oparanews.com.br\/index.php\/2020\/12\/17\/sec-da-educacao-de-al-estabelece-que-ano-letivo-2020-deve-ser-cumprido-ate-o-final-de-2021\/","title":{"rendered":"Sec. da Educa\u00e7\u00e3o de AL estabelece que ano letivo 2020 deve ser cumprido at\u00e9 o final de 2021"},"content":{"rendered":"<p>Uma portaria da Secretaria Estadual da Educa\u00e7\u00e3o (Seduc) publicada no Di\u00e1rio Oficial do Estado (DOE) desta quinta-feira (17) estabelece, em car\u00e1ter excepcional, a organiza\u00e7\u00e3o da oferta da educa\u00e7\u00e3o b\u00e1sica para o cumprimento dos anos letivos 2020\/2021 (confira a publica\u00e7\u00e3o do Di\u00e1rio).<\/p>\n<p>Segundo a portaria, os objetivos de aprendizagem n\u00e3o alcan\u00e7ados em 2020 dever\u00e3o ser conclu\u00eddos em 2021. Ser\u00e3o apresentadas estrat\u00e9gias de espa\u00e7os e recursos aplic\u00e1veis para o trabalho pedag\u00f3gico e aprendizagem de todos os estudantes.<\/p>\n<p>&#8220;No contexto da Pandemia Covid-19, a organiza\u00e7\u00e3o do ensino em uma esp\u00e9cie de \u201cCiclo Emergencial\u201d para 2020\/2021 tem o prop\u00f3sito de superar a fragmenta\u00e7\u00e3o dos processos de ensino e aprendizagem evitando a ruptura da proposta curricular, reunindo em Cont\u00ednuo Curricular com o ano subsequente o que deveria ter sido cumprido no ano letivo de 2020&#8221;, diz o 2\u00ba artigo da portaria.<\/p>\n<p>Todas as unidades de ensino da rede p\u00fablica estadual dever\u00e3o registrar os dados referentes ao ano letivo de 2020 no Sistema de Gest\u00e3o do Estado de Alagoas (Sageal), a partir do cumprimento da carga hor\u00e1ria legal estabelecida.<\/p>\n<p>As unidades de ensino da rede p\u00fablica estadual devem acolher os estudantes matriculados no 5\u00ba e 9\u00ba ano letivo de 2020, com estrat\u00e9gias para dar continuidade e habilidades propostas para o 6\u00ba ano do ensino fundamental e do 1\u00ba ano do ensino m\u00e9dio do Ciclo Emergencial Cont\u00ednuo Curricular 2020\/2021.<\/p>\n<p>O Ciclo Emergencial Cont\u00ednuo Curricular 2020\/2021 n\u00e3o se aplica aos estudantes do 3\u00ba ano do ensino m\u00e9dio. Entretanto, a Seduc vai consultar as unidades de ensino e os estudantes concluintes do ano de 2020, para saber se h\u00e1 interesse em participar das atividades pedag\u00f3gicas suplementares.<\/p>\n<p>Na segunda-feira (14), a Seduc divulgou o cronograma com as datas de matr\u00edcula da rede estadual de ensino para o ano de 2021. A pr\u00e9-matr\u00edcula para novatos e a renova\u00e7\u00e3o de matr\u00edcula para alunos que j\u00e1 estudam na rede de ensino come\u00e7am em janeiro.<\/p>\n<p>&nbsp;<\/p>\n<p><strong>Fonte: G1\/AL<\/strong><\/p>\n<p>&nbsp;<\/p>\n","protected":false},"excerpt":{"rendered":"<p>Uma portaria da Secretaria Estadual da Educa\u00e7\u00e3o (Seduc) publicada no Di\u00e1rio Oficial do Estado (DOE) desta quinta-feira (17) estabelece, em car\u00e1ter excepcional, a organiza\u00e7\u00e3o da oferta da educa\u00e7\u00e3o b\u00e1sica para o cumprimento dos anos letivos 2020\/2021 (confira a publica\u00e7\u00e3o do Di\u00e1rio). Segundo a portaria, os objetivos de aprendizagem n\u00e3o alcan\u00e7ados em 2020 dever\u00e3o ser conclu\u00eddos &hellip;<\/p>\n","protected":false},"author":1,"featured_media":11439,"comment_status":"open","ping_status":"open","sticky":false,"template":"","format":"standard","meta":{"_jetpack_newsletter_access":"","_jetpack_dont_email_post_to_subs":false,"_jetpack_newsletter_tier_id":0,"_jetpack_memberships_contains_paywalled_content":false,"_jetpack_memberships_contains_paid_content":false,"footnotes":""},"categories":[1],"tags":[],"class_list":["post-11438","post","type-post","status-publish","format-standard","has-post-thumbnail","hentry","category-destaque"],"jetpack_sharing_enabled":true,"jetpack_featured_media_url":"","_links":{"self":[{"href":"https:\/\/www.oparanews.com.br\/index.php\/wp-json\/wp\/v2\/posts\/11438","targetHints":{"allow":["GET"]}}],"collection":[{"href":"https:\/\/www.oparanews.com.br\/index.php\/wp-json\/wp\/v2\/posts"}],"about":[{"href":"https:\/\/www.oparanews.com.br\/index.php\/wp-json\/wp\/v2\/types\/post"}],"author":[{"embeddable":true,"href":"https:\/\/www.oparanews.com.br\/index.php\/wp-json\/wp\/v2\/users\/1"}],"replies":[{"embeddable":true,"href":"https:\/\/www.oparanews.com.br\/index.php\/wp-json\/wp\/v2\/comments?post=11438"}],"version-history":[{"count":0,"href":"https:\/\/www.oparanews.com.br\/index.php\/wp-json\/wp\/v2\/posts\/11438\/revisions"}],"wp:attachment":[{"href":"https:\/\/www.oparanews.com.br\/index.php\/wp-json\/wp\/v2\/media?parent=11438"}],"wp:term":[{"taxonomy":"category","embeddable":true,"href":"https:\/\/www.oparanews.com.br\/index.php\/wp-json\/wp\/v2\/categories?post=11438"},{"taxonomy":"post_tag","embeddable":true,"href":"https:\/\/www.oparanews.com.br\/index.php\/wp-json\/wp\/v2\/tags?post=11438"}],"curies":[{"name":"wp","href":"https:\/\/api.w.org\/{rel}","templated":true}]}}