{"id":11441,"date":"2020-12-17T15:52:49","date_gmt":"2020-12-17T15:52:49","guid":{"rendered":"https:\/\/oparanews.com.br\/?p=11441"},"modified":"2020-12-17T15:52:49","modified_gmt":"2020-12-17T15:52:49","slug":"alagoas-iniciara-a-vacinacao-contra-a-covid-19-em-fevereiro","status":"publish","type":"post","link":"https:\/\/www.oparanews.com.br\/index.php\/2020\/12\/17\/alagoas-iniciara-a-vacinacao-contra-a-covid-19-em-fevereiro\/","title":{"rendered":"Alagoas iniciar\u00e1 a vacina\u00e7\u00e3o contra a Covid-19 em fevereiro"},"content":{"rendered":"<p>Alagoas vai iniciar a vacina\u00e7\u00e3o contra a Covid-19 no m\u00eas de fevereiro de 2021. O an\u00fancio foi feito pelo secret\u00e1rio de Estado da Sa\u00fade, Alexandre Ayres, nesta quinta-feira (17), durante coletiva de imprensa, um dia ap\u00f3s assinar um protocolo de inten\u00e7\u00f5es junto ao Instituto Butantan visando adquirir 1 milh\u00e3o de doses da vacina Coronavac.<\/p>\n<p>A partir de fevereiro do pr\u00f3ximo ano, 500 mil pessoas ser\u00e3o imunizadas, iniciando pelos grupos de risco designados pelo Programa Nacional de Imuniza\u00e7\u00e3o (PNI) e os profissionais de sa\u00fade que atuam no enfrentamento da Pandemia da Covid-19. Na sequ\u00eancia, seja com as doses de vacina que ser\u00e3o adquiridas pelo Governo de Alagoas ou atrav\u00e9s do quantitativo de imunizantes a ser enviado pelo Governo Federal, os demais grupos ser\u00e3o vacinados.<\/p>\n<p>\u201cMesmo com o Plano Nacional de Vacina\u00e7\u00e3o lan\u00e7ado pelo Governo Federal, decidimos nos antecipar e assinarmos um protocolo de inten\u00e7\u00f5es com o Instituto Butantan, que dar\u00e1 a Alagoas prioridade na aquisi\u00e7\u00e3o da vacina Coronavac. Isso significa dizer que, mesmo que o Minist\u00e9rio da Sa\u00fade demore para adquirir e enviar aos estados uma vacina contra a Covid-19, Alagoas j\u00e1 tem garantida a aquisi\u00e7\u00e3o de um imunizante para proteger os alagoanos\u201d, ressaltou o secret\u00e1rio de Estado da Sa\u00fade.<\/p>\n<p>Comiss\u00e3o \u2013 Para assegurar transpar\u00eancia a todo o processo de vacina\u00e7\u00e3o, a Sesau criar\u00e1 uma Comiss\u00e3o para Acompanhamento da Campanha de Vacina\u00e7\u00e3o contra a Covid-19, informou o secret\u00e1rio. A portaria que formaliza a comiss\u00e3o ser\u00e1 publicada no Di\u00e1rio Oficial do Estado (DOE) na pr\u00f3xima semana. A comiss\u00e3o contar\u00e1 com integrantes da sa\u00fade estadual, do Minist\u00e9rio P\u00fablico Federal (MPF), Minist\u00e9rio P\u00fablico Estadual (MPE), Conselho Estadual de Sa\u00fade de Alagoas (CES\/AL) e Conselho de Secretarias Municipais de Sa\u00fade de Alagoas (Cosems\/AL).<\/p>\n<p>\u201cCom isso, daremos total transpar\u00eancia ao processo de vacina\u00e7\u00e3o contra a Covid-19, que respeitar\u00e1 todos os crit\u00e9rios t\u00e9cnicos e, como preconiza o Programa Nacional de Imuniza\u00e7\u00e3o, os primeiros a serem vacinados ser\u00e3o os grupos de risco e os profissionais de sa\u00fade. Deste modo, vamos assegurar que a Campanha de Vacina\u00e7\u00e3o contra a Covid-19 ser\u00e1 transparente, como tem ocorrido em todas as medidas adotadas pelo Governo de Alagoas desde o in\u00edcio da pandemia\u201d, destacou Alexandre Ayres.<\/p>\n<p>O titular da Sa\u00fade estadual assegurou, ainda, que o PNI em Alagoas tem estrutura suficiente para armazenar as vacinas a serem adquiridas junto ao Instituto Butantan. Isso porque, diferente de outras vacinas desenvolvidas contra a Covid-19, a Coronavac pode ser armazenada em geladeiras convencionais, sem que necessite permanecer acondicionada em refrigeradores com temperaturas negativas.<\/p>\n<p>&nbsp;<\/p>\n<p><strong>Fonte: Ag\u00eancia Alagoas<\/strong><\/p>\n<p>&nbsp;<\/p>\n","protected":false},"excerpt":{"rendered":"<p>Alagoas vai iniciar a vacina\u00e7\u00e3o contra a Covid-19 no m\u00eas de fevereiro de 2021. O an\u00fancio foi feito pelo secret\u00e1rio de Estado da Sa\u00fade, Alexandre Ayres, nesta quinta-feira (17), durante coletiva de imprensa, um dia ap\u00f3s assinar um protocolo de inten\u00e7\u00f5es junto ao Instituto Butantan visando adquirir 1 milh\u00e3o de doses da vacina Coronavac. A &hellip;<\/p>\n","protected":false},"author":1,"featured_media":11442,"comment_status":"open","ping_status":"open","sticky":false,"template":"","format":"standard","meta":{"_jetpack_newsletter_access":"","_jetpack_dont_email_post_to_subs":false,"_jetpack_newsletter_tier_id":0,"_jetpack_memberships_contains_paywalled_content":false,"_jetpack_memberships_contains_paid_content":false,"footnotes":""},"categories":[1],"tags":[],"class_list":["post-11441","post","type-post","status-publish","format-standard","has-post-thumbnail","hentry","category-destaque"],"jetpack_sharing_enabled":true,"jetpack_featured_media_url":"","_links":{"self":[{"href":"https:\/\/www.oparanews.com.br\/index.php\/wp-json\/wp\/v2\/posts\/11441","targetHints":{"allow":["GET"]}}],"collection":[{"href":"https:\/\/www.oparanews.com.br\/index.php\/wp-json\/wp\/v2\/posts"}],"about":[{"href":"https:\/\/www.oparanews.com.br\/index.php\/wp-json\/wp\/v2\/types\/post"}],"author":[{"embeddable":true,"href":"https:\/\/www.oparanews.com.br\/index.php\/wp-json\/wp\/v2\/users\/1"}],"replies":[{"embeddable":true,"href":"https:\/\/www.oparanews.com.br\/index.php\/wp-json\/wp\/v2\/comments?post=11441"}],"version-history":[{"count":0,"href":"https:\/\/www.oparanews.com.br\/index.php\/wp-json\/wp\/v2\/posts\/11441\/revisions"}],"wp:attachment":[{"href":"https:\/\/www.oparanews.com.br\/index.php\/wp-json\/wp\/v2\/media?parent=11441"}],"wp:term":[{"taxonomy":"category","embeddable":true,"href":"https:\/\/www.oparanews.com.br\/index.php\/wp-json\/wp\/v2\/categories?post=11441"},{"taxonomy":"post_tag","embeddable":true,"href":"https:\/\/www.oparanews.com.br\/index.php\/wp-json\/wp\/v2\/tags?post=11441"}],"curies":[{"name":"wp","href":"https:\/\/api.w.org\/{rel}","templated":true}]}}