{"id":11444,"date":"2020-12-18T00:25:11","date_gmt":"2020-12-18T00:25:11","guid":{"rendered":"https:\/\/oparanews.com.br\/?p=11444"},"modified":"2020-12-18T00:25:11","modified_gmt":"2020-12-18T00:25:11","slug":"solenidade-oficializa-recebimento-do-selo-unicef-para-penedo","status":"publish","type":"post","link":"https:\/\/www.oparanews.com.br\/index.php\/2020\/12\/18\/solenidade-oficializa-recebimento-do-selo-unicef-para-penedo\/","title":{"rendered":"Solenidade oficializa recebimento do Selo Unicef para Penedo"},"content":{"rendered":"<p>Em solenidade realizada na Casa de Aposentadoria nesta quinta-feira (17), a Prefeitura de Penedo recebeu oficialmente o Selo Unicef , reconhecimento do Fundo das Na\u00e7\u00f5es Unidades aos avan\u00e7os reais e positivos na promo\u00e7\u00e3o, realiza\u00e7\u00e3o e garantia dos direitos de crian\u00e7as e adolescentes em Penedo.<\/p>\n<p>Dos 102 munic\u00edpios alagoanos, 63 aderiram ao selo Unicef que avaliou o trabalho desenvolvido no per\u00edodo de 2017 a 2020. Entre os que se inscreveram, apenas 14 munic\u00edpios receberam a certifica\u00e7\u00e3o, sendo Penedo o primeiro a receber oficialmente.<\/p>\n<p>Entre os crit\u00e9rios para o recebimento do Selo Unicef est\u00e3o o aumento do n\u00famero de crian\u00e7as e adolescentes em sala de aula, redu\u00e7\u00e3o de estudantes com distor\u00e7\u00e3o na idade-s\u00e9rie na rede p\u00fablica, acompanhamento pr\u00e9-natal para gestantes, emiss\u00e3o de registro civil para beb\u00eas nascidos na cidade avaliada, antes de completar o primeiro ano de vida.<\/p>\n<p>Todos esses crit\u00e9rios foram atendidos, demonstrando o compromisso da gest\u00e3o Penedo: Terra do Desenvolvimento e da Cultura com as quest\u00f5es ligadas as crian\u00e7as e aos adolescentes do munic\u00edpio.<\/p>\n<p><strong>Solenidade<\/strong><\/p>\n<p>O evento que celebrou a conquista do selo Unicef pelo munic\u00edpio contou com a presen\u00e7a do Prefeito Marcius Beltr\u00e3o, do vice e prefeito eleito Ronaldo Lopes, secret\u00e1rios municipais, da articuladora do Selo Unicef e Vice-Presidente do CMDCA (Conselho Municipal dos Direitos da Crian\u00e7a e do Adolescente), Wanderleya Nunes, e Observadora do Selo em Penedo, Salete Barbosa, entre outros.<\/p>\n<p>A solenidade foi realizado sem convite aberto ao p\u00fablico por conta da pandemia de Covid-19 que atinge todo o planeta na atualidade. A prefeitura organizou o espa\u00e7o conforme as normas e houve transmiss\u00e3o online por meio das redes sociais.<\/p>\n<p>O Secretario Municipal de Desenvolvimento Social e Habita\u00e7\u00e3o, Vinicius Barbosa afirmou que os fatores fundamentais para o recebimento do Selo Unicef foi o estabelecimento de metas e a cobran\u00e7a para que fossem cumpridas, com a participa\u00e7\u00e3o de todas as pastas da Prefeitura de Penedo envolvidas nesse objetivo em comum.<\/p>\n<p>A articuladora local do Selo Unicef e Vice-Presidente do CMDCA Wanderleya Nunes afirmou que quem mais ganha com isso s\u00e3o as crian\u00e7as e adolescentes penedenses devido a import\u00e2ncia que o munic\u00edpio est\u00e1 dando para esse p\u00fablico, o mais vulner\u00e1vel.<\/p>\n<p>A observadora do Selo Unicef, Salete Barbosa, explicou que o munic\u00edpio ingressou no programa Selo Unicef: Munic\u00edpio Aprovado, h\u00e1 quatro anos e que cumpriu as metas estabelecidas com excel\u00eancia, conseguindo diminuir o n\u00famero de crian\u00e7as que estavam fora da escola em 20%, um grande desafio cumprido por Penedo.<\/p>\n<p>O Vice-Prefeito Ronaldo Lopes destacou o merecimento por parte de Penedo a esse reconhecimento, parabenizou a todos os secret\u00e1rios envolvidos e que trabalharam arduamente para a sua obten\u00e7\u00e3o.<\/p>\n<p>\u201cPenedo recebe com alegria o selo Unicef , quero parabenizar a todas as secretarias envolvidas nesse processo, isso aumenta muito a responsabilidade da pr\u00f3xima gest\u00e3o com aquele compromisso que n\u00f3s j\u00e1 temos com a popula\u00e7\u00e3o penedense\u201d, declarou o prefeito eleito para a gest\u00e3o 2021\/2024.<\/p>\n<p>Finalizando os discursos na solenidade de recebimento do selo Unicef, o Prefeito Marcius Beltr\u00e3o enfatizou a import\u00e2ncia da governan\u00e7a coorporativa para obten\u00e7\u00e3o do selo, j\u00e1 que foi esse o setor da administra\u00e7\u00e3o municipal respons\u00e1vel por acompanhar o andamento das a\u00e7\u00f5es. Tamb\u00e9m falou da exist\u00eancia do plano de a\u00e7\u00f5es do munic\u00edpio que todo ano foi posto em pr\u00e1tica, fundamental para o cumprimento das metas estabelecidas.<\/p>\n<p>Al\u00e9m disso falou sobre a melhoria de todos os indicadores sociais de Penedo, durante o per\u00edodo de sua gest\u00e3o, sendo a obten\u00e7\u00e3o do selo sobretudo um trabalho de equipe desenvolvido por todos os setores da administra\u00e7\u00e3o p\u00fablica.<\/p>\n<p>&nbsp;<\/p>\n<p><strong>por Thiago Sobral &#8211; Decom (PMP)<\/strong><\/p>\n<p>&nbsp;<\/p>\n","protected":false},"excerpt":{"rendered":"<p>Em solenidade realizada na Casa de Aposentadoria nesta quinta-feira (17), a Prefeitura de Penedo recebeu oficialmente o Selo Unicef , reconhecimento do Fundo das Na\u00e7\u00f5es Unidades aos avan\u00e7os reais e positivos na promo\u00e7\u00e3o, realiza\u00e7\u00e3o e garantia dos direitos de crian\u00e7as e adolescentes em Penedo. Dos 102 munic\u00edpios alagoanos, 63 aderiram ao selo Unicef que avaliou &hellip;<\/p>\n","protected":false},"author":1,"featured_media":11445,"comment_status":"open","ping_status":"open","sticky":false,"template":"","format":"standard","meta":{"_jetpack_newsletter_access":"","_jetpack_dont_email_post_to_subs":false,"_jetpack_newsletter_tier_id":0,"_jetpack_memberships_contains_paywalled_content":false,"_jetpack_memberships_contains_paid_content":false,"footnotes":""},"categories":[1],"tags":[],"class_list":["post-11444","post","type-post","status-publish","format-standard","has-post-thumbnail","hentry","category-destaque"],"jetpack_sharing_enabled":true,"jetpack_featured_media_url":"","_links":{"self":[{"href":"https:\/\/www.oparanews.com.br\/index.php\/wp-json\/wp\/v2\/posts\/11444","targetHints":{"allow":["GET"]}}],"collection":[{"href":"https:\/\/www.oparanews.com.br\/index.php\/wp-json\/wp\/v2\/posts"}],"about":[{"href":"https:\/\/www.oparanews.com.br\/index.php\/wp-json\/wp\/v2\/types\/post"}],"author":[{"embeddable":true,"href":"https:\/\/www.oparanews.com.br\/index.php\/wp-json\/wp\/v2\/users\/1"}],"replies":[{"embeddable":true,"href":"https:\/\/www.oparanews.com.br\/index.php\/wp-json\/wp\/v2\/comments?post=11444"}],"version-history":[{"count":0,"href":"https:\/\/www.oparanews.com.br\/index.php\/wp-json\/wp\/v2\/posts\/11444\/revisions"}],"wp:attachment":[{"href":"https:\/\/www.oparanews.com.br\/index.php\/wp-json\/wp\/v2\/media?parent=11444"}],"wp:term":[{"taxonomy":"category","embeddable":true,"href":"https:\/\/www.oparanews.com.br\/index.php\/wp-json\/wp\/v2\/categories?post=11444"},{"taxonomy":"post_tag","embeddable":true,"href":"https:\/\/www.oparanews.com.br\/index.php\/wp-json\/wp\/v2\/tags?post=11444"}],"curies":[{"name":"wp","href":"https:\/\/api.w.org\/{rel}","templated":true}]}}