{"id":11449,"date":"2020-12-18T01:09:33","date_gmt":"2020-12-18T01:09:33","guid":{"rendered":"https:\/\/oparanews.com.br\/?p=11449"},"modified":"2020-12-18T01:09:33","modified_gmt":"2020-12-18T01:09:33","slug":"stf-vota-por-restricoes-a-quem-nao-se-vacinar","status":"publish","type":"post","link":"https:\/\/www.oparanews.com.br\/index.php\/2020\/12\/18\/stf-vota-por-restricoes-a-quem-nao-se-vacinar\/","title":{"rendered":"STF vota por restri\u00e7\u00f5es a quem n\u00e3o se vacinar"},"content":{"rendered":"<p>O Supremo Tribunal Federal (STF) concluiu nesta quinta-feira (17) julgamento em que, por dez votos a um, autorizou a aplica\u00e7\u00e3o de medidas restritivas para quem se recusar a se vacinar contra a Covid-19.<\/p>\n<p>O plen\u00e1rio analisou nestas quarta e quinta duas a\u00e7\u00f5es que tratam da possibilidade de os governos federal, estaduais e municipais decidirem sobre a vacina\u00e7\u00e3o compuls\u00f3ria da popula\u00e7\u00e3o contra a Covid.<\/p>\n<p>Com o resultado, prevaleceu o entendimento do relator, ministro Ricardo Lewandowski, que votou a favor da aplica\u00e7\u00e3o de medidas restritivas contra quem se recusar a se vacinar.<\/p>\n<p>Para os ministros, a vacina\u00e7\u00e3o obrigat\u00f3ria n\u00e3o significa, no entanto, a vacina\u00e7\u00e3o for\u00e7ada da popula\u00e7\u00e3o, que n\u00e3o pode ser coagida a se vacinar.<\/p>\n<p>Somente o ministro Nunes Marques divergiu em parte, afirmando que a vacina\u00e7\u00e3o obrigat\u00f3ria deve ser adotada em \u00faltimo caso.<\/p>\n<p>Segundo o ministro Ricardo Lewaandowski, \u00e9 \u201cflagrantemente inconstitucional\u201d a vacina\u00e7\u00e3o for\u00e7ada das pessoas, ou seja, sem o seu expresso consentimento, mas argumentou que \u201ca sa\u00fade coletiva n\u00e3o pode ser prejudicada por pessoas que deliberadamente se recusam a ser vacinadas\u201d.<\/p>\n<p>No mesmo julgamento, a maioria dos ministros tamb\u00e9m rejeitou recurso com o objetivo de desobrigar pais de vacinarem os filhos.<\/p>\n<p>&nbsp;<\/p>\n<p><strong>Fonte: G1<\/strong><\/p>\n<p>&nbsp;<\/p>\n","protected":false},"excerpt":{"rendered":"<p>O Supremo Tribunal Federal (STF) concluiu nesta quinta-feira (17) julgamento em que, por dez votos a um, autorizou a aplica\u00e7\u00e3o de medidas restritivas para quem se recusar a se vacinar contra a Covid-19. O plen\u00e1rio analisou nestas quarta e quinta duas a\u00e7\u00f5es que tratam da possibilidade de os governos federal, estaduais e municipais decidirem sobre &hellip;<\/p>\n","protected":false},"author":1,"featured_media":11450,"comment_status":"open","ping_status":"open","sticky":false,"template":"","format":"standard","meta":{"_jetpack_newsletter_access":"","_jetpack_dont_email_post_to_subs":false,"_jetpack_newsletter_tier_id":0,"_jetpack_memberships_contains_paywalled_content":false,"_jetpack_memberships_contains_paid_content":false,"footnotes":""},"categories":[1],"tags":[],"class_list":["post-11449","post","type-post","status-publish","format-standard","has-post-thumbnail","hentry","category-destaque"],"jetpack_sharing_enabled":true,"jetpack_featured_media_url":"","_links":{"self":[{"href":"https:\/\/www.oparanews.com.br\/index.php\/wp-json\/wp\/v2\/posts\/11449","targetHints":{"allow":["GET"]}}],"collection":[{"href":"https:\/\/www.oparanews.com.br\/index.php\/wp-json\/wp\/v2\/posts"}],"about":[{"href":"https:\/\/www.oparanews.com.br\/index.php\/wp-json\/wp\/v2\/types\/post"}],"author":[{"embeddable":true,"href":"https:\/\/www.oparanews.com.br\/index.php\/wp-json\/wp\/v2\/users\/1"}],"replies":[{"embeddable":true,"href":"https:\/\/www.oparanews.com.br\/index.php\/wp-json\/wp\/v2\/comments?post=11449"}],"version-history":[{"count":0,"href":"https:\/\/www.oparanews.com.br\/index.php\/wp-json\/wp\/v2\/posts\/11449\/revisions"}],"wp:attachment":[{"href":"https:\/\/www.oparanews.com.br\/index.php\/wp-json\/wp\/v2\/media?parent=11449"}],"wp:term":[{"taxonomy":"category","embeddable":true,"href":"https:\/\/www.oparanews.com.br\/index.php\/wp-json\/wp\/v2\/categories?post=11449"},{"taxonomy":"post_tag","embeddable":true,"href":"https:\/\/www.oparanews.com.br\/index.php\/wp-json\/wp\/v2\/tags?post=11449"}],"curies":[{"name":"wp","href":"https:\/\/api.w.org\/{rel}","templated":true}]}}